{"id":34037,"date":"2021-03-10T15:35:18","date_gmt":"2021-03-10T18:35:18","guid":{"rendered":"http:\/\/www.almargenweb.com.ar\/web\/?p=34037"},"modified":"2021-03-10T15:35:19","modified_gmt":"2021-03-10T18:35:19","slug":"salud-el-doodle-de-google-recuerda-al-creador-del-barbijo","status":"publish","type":"post","link":"https:\/\/www.almargenweb.com.ar\/web\/salud-el-doodle-de-google-recuerda-al-creador-del-barbijo\/","title":{"rendered":"Salud; el doodle de Google recuerda al creador del barbijo"},"content":{"rendered":"\n<p>El doodle de hoy recuerda el cumplea\u00f1os n\u00famero 142 del epidemi\u00f3logo chino de origen malayo Dr. Wu Lien-teh, quien invent\u00f3 la mascarilla facial quir\u00fargica, considerada como precursora de la m\u00e1scara N95.<\/p>\n\n\n\n<figure class=\"wp-block-image size-large is-resized\"><img loading=\"lazy\" decoding=\"async\" src=\"https:\/\/www.almargenweb.com.ar\/web\/wp-content\/uploads\/2021\/03\/SM-Wu-Lien-teh.jpg\" alt=\"\" class=\"wp-image-34039\" width=\"569\" height=\"379\"\/><figcaption>Wu Lien-teh tambi\u00e9n fue el primer estudiante de ascendencia china de la Universidad de Cambridge.<\/figcaption><\/figure>\n\n\n\n<p>Cuando una epidemia desconocida afect\u00f3 al noroeste de China en 1910, el gobierno chino nombr\u00f3 a Wu para investigar la enfermedad. Se trataba de una afecci\u00f3n neum\u00f3nica contagiosa que se transmite de persona a persona a trav\u00e9s de la transmisi\u00f3n respiratoria.<\/p>\n\n\n\n<p>El doctor le explic\u00f3 a sus colegas que la enfermedad se transmit\u00eda a trav\u00e9s del aire, con lo cual sugiri\u00f3 que se cubrieran el rostro con vendas que tuvieran de cada lado hilos para que se sostuviera en su sitio.<\/p>\n\n\n\n<p>As\u00ed es que Wu dise\u00f1\u00f3 y produjo una mascarilla quir\u00fargica especial con algod\u00f3n y gasa, agregando varias capas de tela para filtrar las inhalaciones.<\/p>\n\n\n\n<figure class=\"wp-block-image size-large\"><img loading=\"lazy\" decoding=\"async\" width=\"1024\" height=\"637\" src=\"https:\/\/www.almargenweb.com.ar\/web\/wp-content\/uploads\/2021\/03\/wu-lien-teh-1024x637.jpeg\" alt=\"\" class=\"wp-image-34041\" srcset=\"https:\/\/www.almargenweb.com.ar\/web\/wp-content\/uploads\/2021\/03\/wu-lien-teh-1024x637.jpeg 1024w, https:\/\/www.almargenweb.com.ar\/web\/wp-content\/uploads\/2021\/03\/wu-lien-teh-300x187.jpeg 300w, https:\/\/www.almargenweb.com.ar\/web\/wp-content\/uploads\/2021\/03\/wu-lien-teh-768x477.jpeg 768w, https:\/\/www.almargenweb.com.ar\/web\/wp-content\/uploads\/2021\/03\/wu-lien-teh.jpeg 1200w\" sizes=\"auto, (max-width: 1024px) 100vw, 1024px\" \/><figcaption>&#8220;Made in China&#8221;; la mascarilla quir\u00fargica dise\u00f1ada por el asi\u00e1tico, tuvo gran aceptaci\u00f3n dentro de la comunidad m\u00e9dica occidental, y logro frenar los contagios tras cuatro meses de uso social.<\/figcaption><\/figure>\n\n\n\n<p>Aconsej\u00f3 a la gente que usara este barbijo y trabaj\u00f3 con funcionarios del gobierno para establecer estaciones de cuarentena y hospitales, as\u00ed como limitar los viajes y aplicar t\u00e9cnicas de esterilizaci\u00f3n progresiva. <\/p>\n\n\n\n<p>Tras cuatro meses de implementar estas medidas se logr\u00f3 poner fin a la plaga en abril de 1911.<\/p>\n<!-- AddThis Advanced Settings generic via filter on the_content --><!-- AddThis Share Buttons generic via filter on the_content -->","protected":false},"excerpt":{"rendered":"<p>El doodle de hoy recuerda el cumplea\u00f1os n\u00famero 142 del epidemi\u00f3logo chino de origen malayo Dr. [&hellip;]<!-- AddThis Advanced Settings generic via filter on get_the_excerpt --><!-- AddThis Share Buttons generic via filter on get_the_excerpt --><\/p>\n","protected":false},"author":16,"featured_media":34040,"comment_status":"open","ping_status":"open","sticky":false,"template":"","format":"standard","meta":{"_seopress_robots_primary_cat":"none","_seopress_titles_title":"","_seopress_titles_desc":"","_seopress_robots_index":"","_themeisle_gutenberg_block_has_review":false,"footnotes":""},"categories":[2,3,15],"tags":[],"class_list":["post-34037","post","type-post","status-publish","format-standard","has-post-thumbnail","hentry","category-actualidad","category-cultura","category-salud"],"_links":{"self":[{"href":"https:\/\/www.almargenweb.com.ar\/web\/wp-json\/wp\/v2\/posts\/34037","targetHints":{"allow":["GET"]}}],"collection":[{"href":"https:\/\/www.almargenweb.com.ar\/web\/wp-json\/wp\/v2\/posts"}],"about":[{"href":"https:\/\/www.almargenweb.com.ar\/web\/wp-json\/wp\/v2\/types\/post"}],"author":[{"embeddable":true,"href":"https:\/\/www.almargenweb.com.ar\/web\/wp-json\/wp\/v2\/users\/16"}],"replies":[{"embeddable":true,"href":"https:\/\/www.almargenweb.com.ar\/web\/wp-json\/wp\/v2\/comments?post=34037"}],"version-history":[{"count":1,"href":"https:\/\/www.almargenweb.com.ar\/web\/wp-json\/wp\/v2\/posts\/34037\/revisions"}],"predecessor-version":[{"id":34042,"href":"https:\/\/www.almargenweb.com.ar\/web\/wp-json\/wp\/v2\/posts\/34037\/revisions\/34042"}],"wp:featuredmedia":[{"embeddable":true,"href":"https:\/\/www.almargenweb.com.ar\/web\/wp-json\/wp\/v2\/media\/34040"}],"wp:attachment":[{"href":"https:\/\/www.almargenweb.com.ar\/web\/wp-json\/wp\/v2\/media?parent=34037"}],"wp:term":[{"taxonomy":"category","embeddable":true,"href":"https:\/\/www.almargenweb.com.ar\/web\/wp-json\/wp\/v2\/categories?post=34037"},{"taxonomy":"post_tag","embeddable":true,"href":"https:\/\/www.almargenweb.com.ar\/web\/wp-json\/wp\/v2\/tags?post=34037"}],"curies":[{"name":"wp","href":"https:\/\/api.w.org\/{rel}","templated":true}]}}