{"id":34009,"date":"2021-03-08T14:56:00","date_gmt":"2021-03-08T17:56:00","guid":{"rendered":"http:\/\/www.almargenweb.com.ar\/web\/?p=34009"},"modified":"2021-03-08T10:08:25","modified_gmt":"2021-03-08T13:08:25","slug":"es-un-beneficio-mental-estudiar-con-musica","status":"publish","type":"post","link":"https:\/\/www.almargenweb.com.ar\/web\/es-un-beneficio-mental-estudiar-con-musica\/","title":{"rendered":"\u00bfEs un beneficio mental estudiar con m\u00fasica?"},"content":{"rendered":"\n<p>Durante mucho tiempo, se afirm\u00f3 que la m\u00fasica potenciaba la creatividad de las personas. Sin embargo, un reciente estudio acaba de probar lo contrario: escuchar m\u00fasica mientras hacemos otras cosas, como trabajar, estudiar, o dibujar, entre otras actividades, reduce nuestra capacidad de concentraci\u00f3n y nuestra habilidad para resolver problemas.<\/p>\n\n\n\n<p>Una prueba de cu\u00e1n arraigada est\u00e1 en nosotros la costumbre de escuchar m\u00fasica mientras que hacemos otras actividades, es la cantidad de listas de reproducci\u00f3n de Spotify con t\u00edtulos como \u201cM\u00fasica para estudiar&#8221; \u201cCanciones para escuchar mientras trabaj\u00e1s\u201d, \u201cSonidos para concentrarse\u201d, entre otros. <\/p>\n\n\n\n<figure class=\"wp-block-image size-large\"><img loading=\"lazy\" decoding=\"async\" width=\"750\" height=\"500\" src=\"https:\/\/www.almargenweb.com.ar\/web\/wp-content\/uploads\/2021\/03\/\u00bfEstudiar-con-o-sin-musica\u00bf.jpg\" alt=\"\" class=\"wp-image-34012\" srcset=\"https:\/\/www.almargenweb.com.ar\/web\/wp-content\/uploads\/2021\/03\/\u00bfEstudiar-con-o-sin-musica\u00bf.jpg 750w, https:\/\/www.almargenweb.com.ar\/web\/wp-content\/uploads\/2021\/03\/\u00bfEstudiar-con-o-sin-musica\u00bf-300x200.jpg 300w\" sizes=\"auto, (max-width: 750px) 100vw, 750px\" \/><figcaption>La idea que subyace a esta pr\u00e1ctica es que la m\u00fasica har\u00eda de las tareas m\u00e1s llevaderas, f\u00e1ciles y que incluso, potenciar\u00eda nuestra creatividad.<\/figcaption><\/figure>\n\n\n\n<p>Seg\u00fan explican en el estudio, la m\u00fasica podr\u00eda ser una distracci\u00f3n, o incluso bloquear uno de los procesos mentales que se dan al intentar resolver un obst\u00e1culo, que es su evaluaci\u00f3n y el an\u00e1lisis de soluciones.<\/p>\n\n\n\n<p> Sin embargo, en la segunda etapa, llamada de \u201cincubaci\u00f3n\u201d -en la que la mente intenta buscar soluciones de manera inconsciente- la m\u00fasica servir\u00eda para tomarnos un descanso, o dejar a la mente \u201cdivagar\u201d. <\/p>\n\n\n\n<p>Esto ser\u00eda beneficioso, ya que enfocarse demasiado en el obst\u00e1culo hace m\u00e1s dif\u00edcil al cerebro la tarea de proponer ideas diferentes o nuevas.<\/p>\n<!-- AddThis Advanced Settings generic via filter on the_content --><!-- AddThis Share Buttons generic via filter on the_content -->","protected":false},"excerpt":{"rendered":"<p>Durante mucho tiempo, se afirm\u00f3 que la m\u00fasica potenciaba la creatividad de las personas. Sin embargo, [&hellip;]<!-- AddThis Advanced Settings generic via filter on get_the_excerpt --><!-- AddThis Share Buttons generic via filter on get_the_excerpt --><\/p>\n","protected":false},"author":16,"featured_media":34011,"comment_status":"open","ping_status":"open","sticky":false,"template":"","format":"standard","meta":{"_seopress_robots_primary_cat":"none","_seopress_titles_title":"","_seopress_titles_desc":"","_seopress_robots_index":"","_themeisle_gutenberg_block_has_review":false,"footnotes":""},"categories":[2,164,3,15],"tags":[],"class_list":["post-34009","post","type-post","status-publish","format-standard","has-post-thumbnail","hentry","category-actualidad","category-ambiente","category-cultura","category-salud"],"_links":{"self":[{"href":"https:\/\/www.almargenweb.com.ar\/web\/wp-json\/wp\/v2\/posts\/34009","targetHints":{"allow":["GET"]}}],"collection":[{"href":"https:\/\/www.almargenweb.com.ar\/web\/wp-json\/wp\/v2\/posts"}],"about":[{"href":"https:\/\/www.almargenweb.com.ar\/web\/wp-json\/wp\/v2\/types\/post"}],"author":[{"embeddable":true,"href":"https:\/\/www.almargenweb.com.ar\/web\/wp-json\/wp\/v2\/users\/16"}],"replies":[{"embeddable":true,"href":"https:\/\/www.almargenweb.com.ar\/web\/wp-json\/wp\/v2\/comments?post=34009"}],"version-history":[{"count":1,"href":"https:\/\/www.almargenweb.com.ar\/web\/wp-json\/wp\/v2\/posts\/34009\/revisions"}],"predecessor-version":[{"id":34013,"href":"https:\/\/www.almargenweb.com.ar\/web\/wp-json\/wp\/v2\/posts\/34009\/revisions\/34013"}],"wp:featuredmedia":[{"embeddable":true,"href":"https:\/\/www.almargenweb.com.ar\/web\/wp-json\/wp\/v2\/media\/34011"}],"wp:attachment":[{"href":"https:\/\/www.almargenweb.com.ar\/web\/wp-json\/wp\/v2\/media?parent=34009"}],"wp:term":[{"taxonomy":"category","embeddable":true,"href":"https:\/\/www.almargenweb.com.ar\/web\/wp-json\/wp\/v2\/categories?post=34009"},{"taxonomy":"post_tag","embeddable":true,"href":"https:\/\/www.almargenweb.com.ar\/web\/wp-json\/wp\/v2\/tags?post=34009"}],"curies":[{"name":"wp","href":"https:\/\/api.w.org\/{rel}","templated":true}]}}