{"id":34002,"date":"2021-03-08T09:18:09","date_gmt":"2021-03-08T12:18:09","guid":{"rendered":"http:\/\/www.almargenweb.com.ar\/web\/?p=34002"},"modified":"2021-03-08T09:18:11","modified_gmt":"2021-03-08T12:18:11","slug":"senn-y-muller-insisten-en-que-se-trate-el-primer-protocolo-contra-la-violencia-de-genero-para-esperanza","status":"publish","type":"post","link":"https:\/\/www.almargenweb.com.ar\/web\/senn-y-muller-insisten-en-que-se-trate-el-primer-protocolo-contra-la-violencia-de-genero-para-esperanza\/","title":{"rendered":"Senn y M\u00fcller insisten en que se trate el primer Protocolo contra la Violencia de G\u00e9nero para Esperanza"},"content":{"rendered":"\n<p>En el a\u00f1o 2020, el concejal Rodrigo M\u00fcller, acompa\u00f1ado por la diputada provincial, Jimena Senn, present\u00f3 en el Concejo Municipal el primer Protocolo contra la Violencia de G\u00e9nero para Esperanza. Actualmente, a un a\u00f1o de su presentaci\u00f3n, el proyecto no ha sido tratado por los concejales y, de este modo, el Estado no puede contar con una herramienta de contenci\u00f3n y acompa\u00f1amiento que resultar\u00eda de mucha ayuda para las v\u00edctimas de este flagelo.<\/p>\n\n\n\n<p>M\u00fcller y Senn reclamaron celeridad para tratar el proyecto ya que durante la pandemia se incrementaron los casos de violencia de g\u00e9nero y urge acompa\u00f1ar a las mujeres que les toca atravesar esta problem\u00e1tica. Hay que tener en cuenta que para que un proyecto sea tratado en una sesi\u00f3n del Concejo Municipal debe tener la firma de, al menos, cuatro concejales.<\/p>\n\n\n\n<figure class=\"wp-block-image size-large\"><img loading=\"lazy\" decoding=\"async\" width=\"1024\" height=\"683\" src=\"https:\/\/www.almargenweb.com.ar\/web\/wp-content\/uploads\/2021\/03\/VG2_Mesa-de-trabajo-1-1-1024x683.png\" alt=\"\" class=\"wp-image-34005\" srcset=\"https:\/\/www.almargenweb.com.ar\/web\/wp-content\/uploads\/2021\/03\/VG2_Mesa-de-trabajo-1-1-1024x683.png 1024w, https:\/\/www.almargenweb.com.ar\/web\/wp-content\/uploads\/2021\/03\/VG2_Mesa-de-trabajo-1-1-300x200.png 300w, https:\/\/www.almargenweb.com.ar\/web\/wp-content\/uploads\/2021\/03\/VG2_Mesa-de-trabajo-1-1-768x512.png 768w, https:\/\/www.almargenweb.com.ar\/web\/wp-content\/uploads\/2021\/03\/VG2_Mesa-de-trabajo-1-1.png 1200w\" sizes=\"auto, (max-width: 1024px) 100vw, 1024px\" \/><figcaption>El proyecto fue presentado en el Concejo Municipal hace un a\u00f1o pero todav\u00eda no ha sido tratado porque se necesita la firma de, al menos, cuatro concejales. Los funcionarios piden celeridad porque \u201ces un flagelo que est\u00e1 creciendo d\u00eda a d\u00eda\u201d.<\/figcaption><\/figure>\n\n\n\n<p>\u201cEn las situaciones de peligrosidad hacia las mujeres se necesita un mayor despliegue de recursos que le permita al Estado estar presente cuando una mujer manifiesta una situaci\u00f3n o hace una denuncia; realizar el proceso de acompa\u00f1amiento posterior, en el marco de la causa judicial; contener a la v\u00edctima y darle una posible salida alternativa que la aparte del contexto de violencia. Esto involucra autonom\u00eda econ\u00f3mica, trabajo, una vivienda y otras intervenciones que est\u00e1n en la planificaci\u00f3n de las pol\u00edticas de Estado\u201d, expres\u00f3 Senn.<\/p>\n\n\n\n<p>Por su parte, M\u00fcller consider\u00f3 que \u201cen un contexto en que la violencia de g\u00e9nero se visibiliza y se mide en estad\u00edsticas, falta m\u00e1s articulaci\u00f3n e impulso en esas pol\u00edticas a nivel local y el protocolo es un aporte para lograr el cambio que necesita la ciudad ante la ausencia de medidas y herramientas del Estado para enfrentar esta problem\u00e1tica\u201d.<\/p>\n\n\n\n<p>El protocolo, que fue elaborado por M\u00fcller junto con las doctoras Gisela Beresvil y Samira Cobos, regula las modalidades de intervenci\u00f3n, derechos de las v\u00edctimas, articulaci\u00f3n con las fuerzas de seguridad y los distintos niveles del Estado, trabajo conjunto con ONGs, asistencia y acompa\u00f1amiento integral a la v\u00edctima, y la realizaci\u00f3n de un registro oficial de los casos.<\/p>\n<!-- AddThis Advanced Settings generic via filter on the_content --><!-- AddThis Share Buttons generic via filter on the_content -->","protected":false},"excerpt":{"rendered":"<p>En el a\u00f1o 2020, el concejal Rodrigo M\u00fcller, acompa\u00f1ado por la diputada provincial, Jimena Senn, present\u00f3 [&hellip;]<!-- AddThis Advanced Settings generic via filter on get_the_excerpt --><!-- AddThis Share Buttons generic via filter on get_the_excerpt --><\/p>\n","protected":false},"author":16,"featured_media":34004,"comment_status":"open","ping_status":"open","sticky":false,"template":"","format":"standard","meta":{"_seopress_robots_primary_cat":"none","_seopress_titles_title":"","_seopress_titles_desc":"","_seopress_robots_index":"","_themeisle_gutenberg_block_has_review":false,"footnotes":""},"categories":[2,164,47,9,15],"tags":[],"class_list":["post-34002","post","type-post","status-publish","format-standard","has-post-thumbnail","hentry","category-actualidad","category-ambiente","category-locales","category-politica","category-salud"],"_links":{"self":[{"href":"https:\/\/www.almargenweb.com.ar\/web\/wp-json\/wp\/v2\/posts\/34002","targetHints":{"allow":["GET"]}}],"collection":[{"href":"https:\/\/www.almargenweb.com.ar\/web\/wp-json\/wp\/v2\/posts"}],"about":[{"href":"https:\/\/www.almargenweb.com.ar\/web\/wp-json\/wp\/v2\/types\/post"}],"author":[{"embeddable":true,"href":"https:\/\/www.almargenweb.com.ar\/web\/wp-json\/wp\/v2\/users\/16"}],"replies":[{"embeddable":true,"href":"https:\/\/www.almargenweb.com.ar\/web\/wp-json\/wp\/v2\/comments?post=34002"}],"version-history":[{"count":1,"href":"https:\/\/www.almargenweb.com.ar\/web\/wp-json\/wp\/v2\/posts\/34002\/revisions"}],"predecessor-version":[{"id":34006,"href":"https:\/\/www.almargenweb.com.ar\/web\/wp-json\/wp\/v2\/posts\/34002\/revisions\/34006"}],"wp:featuredmedia":[{"embeddable":true,"href":"https:\/\/www.almargenweb.com.ar\/web\/wp-json\/wp\/v2\/media\/34004"}],"wp:attachment":[{"href":"https:\/\/www.almargenweb.com.ar\/web\/wp-json\/wp\/v2\/media?parent=34002"}],"wp:term":[{"taxonomy":"category","embeddable":true,"href":"https:\/\/www.almargenweb.com.ar\/web\/wp-json\/wp\/v2\/categories?post=34002"},{"taxonomy":"post_tag","embeddable":true,"href":"https:\/\/www.almargenweb.com.ar\/web\/wp-json\/wp\/v2\/tags?post=34002"}],"curies":[{"name":"wp","href":"https:\/\/api.w.org\/{rel}","templated":true}]}}