{"id":33985,"date":"2021-03-07T10:19:07","date_gmt":"2021-03-07T13:19:07","guid":{"rendered":"http:\/\/www.almargenweb.com.ar\/web\/?p=33985"},"modified":"2021-03-07T10:19:08","modified_gmt":"2021-03-07T13:19:08","slug":"2021-ano-de-las-frutas-y-verduras-la-importancia-de-consumir-frutas-y-verduras-para-mantenernos-sanos","status":"publish","type":"post","link":"https:\/\/www.almargenweb.com.ar\/web\/2021-ano-de-las-frutas-y-verduras-la-importancia-de-consumir-frutas-y-verduras-para-mantenernos-sanos\/","title":{"rendered":"2021, a\u00f1o de las frutas y verduras; la importancia de consumir frutas y verduras para mantenernos sanos."},"content":{"rendered":"\n<p>2021 es el a\u00f1o internacional de las frutas y verduras, declarado por la organizaci\u00f3n de las Naciones Unidas para la Alimentaci\u00f3n y la Agricultura (FAO). El objetivo de esta declaraci\u00f3n es sensibilizar sobre la importancia de las frutas y verduras para la nutrici\u00f3n humana, la seguridad alimentaria y la salud.<\/p>\n\n\n\n<p>Las frutas y las verduras ofrecen m\u00faltiples beneficios para la salud, como el fortalecimiento del sistema inmunitario, que son esenciales para luchar contra la malnutrici\u00f3n en todas sus formas y para la prevenci\u00f3n general de las enfermedades no transmisibles.<\/p>\n\n\n\n<figure class=\"wp-block-image size-large is-resized\"><img loading=\"lazy\" decoding=\"async\" src=\"https:\/\/www.almargenweb.com.ar\/web\/wp-content\/uploads\/2021\/03\/images-2.jpg\" alt=\"\" class=\"wp-image-33988\" width=\"576\" height=\"388\"\/><figcaption>El cultivo de frutas y verduras mejora la calidad de vida de los agricultores familiares, genera ingresos , mejorando la seguridad alimentaria y nutrici\u00f3n. <\/figcaption><\/figure>\n\n\n\n<p>El car\u00e1cter altamente perecedero de las frutas y verduras exige que se preste una atenci\u00f3n especial al producto para mantener su calidad e inocuidad mediante el tratamiento y la manipulaci\u00f3n correctos en toda la cadena de suministro, desde la producci\u00f3n hasta el consumo, y minimizar la p\u00e9rdida y el desperdicio.<\/p>\n\n\n\n<figure class=\"wp-block-embed is-type-video is-provider-youtube wp-block-embed-youtube wp-embed-aspect-16-9 wp-has-aspect-ratio\"><div class=\"wp-block-embed__wrapper\">\n<iframe loading=\"lazy\" title=\"Cada d\u00eda, agricultores familiares de todo el mundo trabajan duro para producir nuestros alimentos\" width=\"640\" height=\"360\" src=\"https:\/\/www.youtube.com\/embed\/YghskKLIr2I?feature=oembed\" frameborder=\"0\" allow=\"accelerometer; autoplay; clipboard-write; encrypted-media; gyroscope; picture-in-picture; web-share\" referrerpolicy=\"strict-origin-when-cross-origin\" allowfullscreen><\/iframe>\n<\/div><figcaption>Las Naciones Unidas para la Alimentaci\u00f3n y la Agricultura (FAO) intenta sensibilizar sobre la importancia de las frutas y verduras para la nutrici\u00f3n humana.<\/figcaption><\/figure>\n\n\n\n<p>El cultivo de frutas y verduras puede mejorar la calidad de vida de los agricultores familiares y sus comunidades. Genera ingresos, crea medios de vida, mejora la seguridad alimentaria y la nutrici\u00f3n y potencia la resiliencia a trav\u00e9s de la gesti\u00f3n sostenible de los recursos locales y el aumento de la agrobiodiversidad.<\/p>\n<!-- AddThis Advanced Settings generic via filter on the_content --><!-- AddThis Share Buttons generic via filter on the_content -->","protected":false},"excerpt":{"rendered":"<p>2021 es el a\u00f1o internacional de las frutas y verduras, declarado por la organizaci\u00f3n de las [&hellip;]<!-- AddThis Advanced Settings generic via filter on get_the_excerpt --><!-- AddThis Share Buttons generic via filter on get_the_excerpt --><\/p>\n","protected":false},"author":16,"featured_media":33987,"comment_status":"open","ping_status":"open","sticky":false,"template":"","format":"standard","meta":{"_seopress_robots_primary_cat":"none","_seopress_titles_title":"","_seopress_titles_desc":"","_seopress_robots_index":"","_themeisle_gutenberg_block_has_review":false,"footnotes":""},"categories":[140,15],"tags":[],"class_list":["post-33985","post","type-post","status-publish","format-standard","has-post-thumbnail","hentry","category-nacionales","category-salud"],"_links":{"self":[{"href":"https:\/\/www.almargenweb.com.ar\/web\/wp-json\/wp\/v2\/posts\/33985","targetHints":{"allow":["GET"]}}],"collection":[{"href":"https:\/\/www.almargenweb.com.ar\/web\/wp-json\/wp\/v2\/posts"}],"about":[{"href":"https:\/\/www.almargenweb.com.ar\/web\/wp-json\/wp\/v2\/types\/post"}],"author":[{"embeddable":true,"href":"https:\/\/www.almargenweb.com.ar\/web\/wp-json\/wp\/v2\/users\/16"}],"replies":[{"embeddable":true,"href":"https:\/\/www.almargenweb.com.ar\/web\/wp-json\/wp\/v2\/comments?post=33985"}],"version-history":[{"count":1,"href":"https:\/\/www.almargenweb.com.ar\/web\/wp-json\/wp\/v2\/posts\/33985\/revisions"}],"predecessor-version":[{"id":33989,"href":"https:\/\/www.almargenweb.com.ar\/web\/wp-json\/wp\/v2\/posts\/33985\/revisions\/33989"}],"wp:featuredmedia":[{"embeddable":true,"href":"https:\/\/www.almargenweb.com.ar\/web\/wp-json\/wp\/v2\/media\/33987"}],"wp:attachment":[{"href":"https:\/\/www.almargenweb.com.ar\/web\/wp-json\/wp\/v2\/media?parent=33985"}],"wp:term":[{"taxonomy":"category","embeddable":true,"href":"https:\/\/www.almargenweb.com.ar\/web\/wp-json\/wp\/v2\/categories?post=33985"},{"taxonomy":"post_tag","embeddable":true,"href":"https:\/\/www.almargenweb.com.ar\/web\/wp-json\/wp\/v2\/tags?post=33985"}],"curies":[{"name":"wp","href":"https:\/\/api.w.org\/{rel}","templated":true}]}}