{"id":33959,"date":"2021-03-05T11:07:50","date_gmt":"2021-03-05T14:07:50","guid":{"rendered":"http:\/\/www.almargenweb.com.ar\/web\/?p=33959"},"modified":"2021-03-05T11:07:51","modified_gmt":"2021-03-05T14:07:51","slug":"con-distanciamiento-social-habilitan-la-apertura-de-cines-en-la-provincia","status":"publish","type":"post","link":"https:\/\/www.almargenweb.com.ar\/web\/con-distanciamiento-social-habilitan-la-apertura-de-cines-en-la-provincia\/","title":{"rendered":"Con distanciamiento social, habilitan la apertura de cines en la provincia"},"content":{"rendered":"\n<p>La autorizaci\u00f3n establece el permiso para los cines de la provincia, que deber\u00e1n funcionar con un aforo del 30 por ciento de la sala. Seg\u00fan indicaron habr\u00e1 que &#8220;mantener la distancia interpersonal de al menos 1.5 metros&#8221; por lo cual &#8220;se deber\u00e1n configurar la cantidad de butacas libres que sean necesarias en todas las direcciones&#8221;.<\/p>\n\n\n\n<p>Tambi\u00e9n se deber\u00e1 Incentivar en el p\u00fablico asistente el uso de medios digitales de compra y pago tanto para las entradas como para los productos comestibles a fin de minimizar la manipulaci\u00f3n de dinero.<\/p>\n\n\n\n<figure class=\"wp-block-image size-large\"><img loading=\"lazy\" decoding=\"async\" width=\"1024\" height=\"576\" src=\"https:\/\/www.almargenweb.com.ar\/web\/wp-content\/uploads\/2021\/03\/las-salas-cine-podran-abrir-santa-fe-el-50-la-capacidad-1024x576.jpg\" alt=\"\" class=\"wp-image-33962\" srcset=\"https:\/\/www.almargenweb.com.ar\/web\/wp-content\/uploads\/2021\/03\/las-salas-cine-podran-abrir-santa-fe-el-50-la-capacidad-1024x576.jpg 1024w, https:\/\/www.almargenweb.com.ar\/web\/wp-content\/uploads\/2021\/03\/las-salas-cine-podran-abrir-santa-fe-el-50-la-capacidad-300x169.jpg 300w, https:\/\/www.almargenweb.com.ar\/web\/wp-content\/uploads\/2021\/03\/las-salas-cine-podran-abrir-santa-fe-el-50-la-capacidad-768x432.jpg 768w, https:\/\/www.almargenweb.com.ar\/web\/wp-content\/uploads\/2021\/03\/las-salas-cine-podran-abrir-santa-fe-el-50-la-capacidad.jpg 1200w\" sizes=\"auto, (max-width: 1024px) 100vw, 1024px\" \/><figcaption>Antes y despu\u00e9s de cada proyecci\u00f3n, se deber\u00e1 desinfectar cada sala en su totalidad, como as\u00ed tambi\u00e9n los lentes 3D<\/figcaption><\/figure>\n\n\n\n<p>Se proceder\u00e1 a la desinfecci\u00f3n total de la sala antes del comienzo de la proyecci\u00f3n y los lentes 3D ser\u00e1n limpiados y desinfectados por el personal de los cines despu\u00e9s de cada uso.<\/p>\n\n\n\n<p>En toda la provincia de Santa Fe hay unos 500 trabajadores en el sector. Por medio del art\u00edculo 223, el gobierno se hizo cargo del 50% de los salarios y las empresas de un 25%. Sin embargo, hay un restante 25% del salario que no perciben hace varios meses.<\/p>\n<!-- AddThis Advanced Settings generic via filter on the_content --><!-- AddThis Share Buttons generic via filter on the_content -->","protected":false},"excerpt":{"rendered":"<p>La autorizaci\u00f3n establece el permiso para los cines de la provincia, que deber\u00e1n funcionar con un [&hellip;]<!-- AddThis Advanced Settings generic via filter on get_the_excerpt --><!-- AddThis Share Buttons generic via filter on get_the_excerpt --><\/p>\n","protected":false},"author":16,"featured_media":33961,"comment_status":"open","ping_status":"open","sticky":false,"template":"","format":"standard","meta":{"_seopress_robots_primary_cat":"none","_seopress_titles_title":"","_seopress_titles_desc":"","_seopress_robots_index":"","_themeisle_gutenberg_block_has_review":false,"footnotes":""},"categories":[2,3,15],"tags":[],"class_list":["post-33959","post","type-post","status-publish","format-standard","has-post-thumbnail","hentry","category-actualidad","category-cultura","category-salud"],"_links":{"self":[{"href":"https:\/\/www.almargenweb.com.ar\/web\/wp-json\/wp\/v2\/posts\/33959","targetHints":{"allow":["GET"]}}],"collection":[{"href":"https:\/\/www.almargenweb.com.ar\/web\/wp-json\/wp\/v2\/posts"}],"about":[{"href":"https:\/\/www.almargenweb.com.ar\/web\/wp-json\/wp\/v2\/types\/post"}],"author":[{"embeddable":true,"href":"https:\/\/www.almargenweb.com.ar\/web\/wp-json\/wp\/v2\/users\/16"}],"replies":[{"embeddable":true,"href":"https:\/\/www.almargenweb.com.ar\/web\/wp-json\/wp\/v2\/comments?post=33959"}],"version-history":[{"count":1,"href":"https:\/\/www.almargenweb.com.ar\/web\/wp-json\/wp\/v2\/posts\/33959\/revisions"}],"predecessor-version":[{"id":33963,"href":"https:\/\/www.almargenweb.com.ar\/web\/wp-json\/wp\/v2\/posts\/33959\/revisions\/33963"}],"wp:featuredmedia":[{"embeddable":true,"href":"https:\/\/www.almargenweb.com.ar\/web\/wp-json\/wp\/v2\/media\/33961"}],"wp:attachment":[{"href":"https:\/\/www.almargenweb.com.ar\/web\/wp-json\/wp\/v2\/media?parent=33959"}],"wp:term":[{"taxonomy":"category","embeddable":true,"href":"https:\/\/www.almargenweb.com.ar\/web\/wp-json\/wp\/v2\/categories?post=33959"},{"taxonomy":"post_tag","embeddable":true,"href":"https:\/\/www.almargenweb.com.ar\/web\/wp-json\/wp\/v2\/tags?post=33959"}],"curies":[{"name":"wp","href":"https:\/\/api.w.org\/{rel}","templated":true}]}}