{"id":33955,"date":"2021-03-05T10:59:13","date_gmt":"2021-03-05T13:59:13","guid":{"rendered":"http:\/\/www.almargenweb.com.ar\/web\/?p=33955"},"modified":"2021-03-05T10:59:14","modified_gmt":"2021-03-05T13:59:14","slug":"la-comuna-de-san-carlos-sud-entrego-equipamientos-a-escuelas-primarias","status":"publish","type":"post","link":"https:\/\/www.almargenweb.com.ar\/web\/la-comuna-de-san-carlos-sud-entrego-equipamientos-a-escuelas-primarias\/","title":{"rendered":"La Comuna de San Carlos Sud, entrego equipamientos a escuelas primarias"},"content":{"rendered":"\n<p>El Presidente Comunal de San carlos Sud, Santiago Walker junto a la Secretaria de la Comisi\u00f3n Comunal, Florencia Primo, fueron recibidos por el personal directivo del jard\u00edn de infantes N.337 &#8220;Los Pioneritos&#8221;, para hacer entrega de los equipos de aire acondicionado. Tambi\u00e9n la Escuela N.359 &#8220;Manuel Belgrano&#8221; recibi\u00f3 este importante aporte que efect\u00faa la Gestion Walkers.<\/p>\n\n\n\n<p>&#8220;Desde la Comuna de San carlos Sud mantenemos un dialogo constante con las intituciones educativas de la localidad&#8221; explico Walker. <\/p>\n\n\n\n<p>Desde la Comisi\u00f3n Comunal, tambi\u00e9n explicaron que siempre se trata de ayudar, en la medida de lo posible, a las necesidades de las establecimientos educativos de la localidad.<\/p>\n\n\n\n<p>En este sentido, informan que estos aportes se suman a los ya efectuados para la reparaci\u00f3n y pintura, en el patio cubierto y galer\u00edas. <\/p>\n<!-- AddThis Advanced Settings generic via filter on the_content --><!-- AddThis Share Buttons generic via filter on the_content -->","protected":false},"excerpt":{"rendered":"<p>El Presidente Comunal de San carlos Sud, Santiago Walker junto a la Secretaria de la Comisi\u00f3n [&hellip;]<!-- AddThis Advanced Settings generic via filter on get_the_excerpt --><!-- AddThis Share Buttons generic via filter on get_the_excerpt --><\/p>\n","protected":false},"author":16,"featured_media":33957,"comment_status":"open","ping_status":"open","sticky":false,"template":"","format":"standard","meta":{"_seopress_robots_primary_cat":"none","_seopress_titles_title":"","_seopress_titles_desc":"","_seopress_robots_index":"","_themeisle_gutenberg_block_has_review":false,"footnotes":""},"categories":[2,20,19,21],"tags":[],"class_list":["post-33955","post","type-post","status-publish","format-standard","has-post-thumbnail","hentry","category-actualidad","category-departamentales","category-educacion","category-las-colonias"],"_links":{"self":[{"href":"https:\/\/www.almargenweb.com.ar\/web\/wp-json\/wp\/v2\/posts\/33955","targetHints":{"allow":["GET"]}}],"collection":[{"href":"https:\/\/www.almargenweb.com.ar\/web\/wp-json\/wp\/v2\/posts"}],"about":[{"href":"https:\/\/www.almargenweb.com.ar\/web\/wp-json\/wp\/v2\/types\/post"}],"author":[{"embeddable":true,"href":"https:\/\/www.almargenweb.com.ar\/web\/wp-json\/wp\/v2\/users\/16"}],"replies":[{"embeddable":true,"href":"https:\/\/www.almargenweb.com.ar\/web\/wp-json\/wp\/v2\/comments?post=33955"}],"version-history":[{"count":1,"href":"https:\/\/www.almargenweb.com.ar\/web\/wp-json\/wp\/v2\/posts\/33955\/revisions"}],"predecessor-version":[{"id":33958,"href":"https:\/\/www.almargenweb.com.ar\/web\/wp-json\/wp\/v2\/posts\/33955\/revisions\/33958"}],"wp:featuredmedia":[{"embeddable":true,"href":"https:\/\/www.almargenweb.com.ar\/web\/wp-json\/wp\/v2\/media\/33957"}],"wp:attachment":[{"href":"https:\/\/www.almargenweb.com.ar\/web\/wp-json\/wp\/v2\/media?parent=33955"}],"wp:term":[{"taxonomy":"category","embeddable":true,"href":"https:\/\/www.almargenweb.com.ar\/web\/wp-json\/wp\/v2\/categories?post=33955"},{"taxonomy":"post_tag","embeddable":true,"href":"https:\/\/www.almargenweb.com.ar\/web\/wp-json\/wp\/v2\/tags?post=33955"}],"curies":[{"name":"wp","href":"https:\/\/api.w.org\/{rel}","templated":true}]}}