{"id":33944,"date":"2021-03-04T16:44:00","date_gmt":"2021-03-04T19:44:00","guid":{"rendered":"http:\/\/www.almargenweb.com.ar\/web\/?p=33944"},"modified":"2021-03-04T12:41:20","modified_gmt":"2021-03-04T15:41:20","slug":"un-dia-como-hoy-era-detectado-el-primer-caso-de","status":"publish","type":"post","link":"https:\/\/www.almargenweb.com.ar\/web\/un-dia-como-hoy-era-detectado-el-primer-caso-de\/","title":{"rendered":"Un d\u00eda como hoy, era detectado el primer caso de la llamada Gripe espa\u00f1ola."},"content":{"rendered":"\n<p>Hace 103 a\u00f1os, en Estados Unidos, era detectado el primer caso de una gripe que r\u00e1pidamente se extendi\u00f3 al mundo, hasta constituir una pandemia hist\u00f3rica que hoy se conoce como la Gran Pandemia de Gripe.<\/p>\n\n\n\n<p>El 4 de marzo de 1918, se observ\u00f3 en Kansas, Estados Unidos, el primer caso de una de las pandemias m\u00e1s grandes de la historia humana, la Gran Pandemia de Gripe, tambi\u00e9n conocida como Gripe Espa\u00f1ola.<\/p>\n\n\n\n<figure class=\"wp-block-image size-large\"><img loading=\"lazy\" decoding=\"async\" width=\"1024\" height=\"576\" src=\"https:\/\/www.almargenweb.com.ar\/web\/wp-content\/uploads\/2021\/03\/5fa90a6b3b7e6-1024x576.jpeg\" alt=\"\" class=\"wp-image-33947\" srcset=\"https:\/\/www.almargenweb.com.ar\/web\/wp-content\/uploads\/2021\/03\/5fa90a6b3b7e6-1024x576.jpeg 1024w, https:\/\/www.almargenweb.com.ar\/web\/wp-content\/uploads\/2021\/03\/5fa90a6b3b7e6-300x169.jpeg 300w, https:\/\/www.almargenweb.com.ar\/web\/wp-content\/uploads\/2021\/03\/5fa90a6b3b7e6-768x432.jpeg 768w, https:\/\/www.almargenweb.com.ar\/web\/wp-content\/uploads\/2021\/03\/5fa90a6b3b7e6.jpeg 1200w\" sizes=\"auto, (max-width: 1024px) 100vw, 1024px\" \/><figcaption>Un grupo de enfermeras de la Cruz Roja en Sant Louis con mascarillas, durante la gripe de 1918<\/figcaption><\/figure>\n\n\n\n<p>Fue producida por un brote de gripe del subtipo H1N1 y afect\u00f3 a 500 millones de personas, de las cuales murieron entre 50 y 100 millones. A diferencia de otras epidemias de gripe, donde ni\u00f1os, ancianos y enfermos suelen ser los m\u00e1s afectados, muchas de sus v\u00edctimas fueron j\u00f3venes y adultos saludables.<\/p>\n\n\n\n<p>Recibi\u00f3 su nombre de Gripe Espa\u00f1ola por parte de los Aliados de la Primera Guerra Mundial, ya que la pandemia recibi\u00f3 m\u00e1s atenci\u00f3n en Espa\u00f1a que en el resto de mundo. Esto se debi\u00f3 a que el pa\u00eds no estaba participando de la guerra, y por lo tanto la prensa no censuraba la informaci\u00f3n sobre la enfermedad. <\/p>\n\n\n\n<figure class=\"wp-block-image size-large\"><img loading=\"lazy\" decoding=\"async\" width=\"619\" height=\"349\" src=\"https:\/\/www.almargenweb.com.ar\/web\/wp-content\/uploads\/2021\/03\/Gripe-espanola-1918-2-kPSD-620x349@abc.jpg\" alt=\"\" class=\"wp-image-33948\" srcset=\"https:\/\/www.almargenweb.com.ar\/web\/wp-content\/uploads\/2021\/03\/Gripe-espanola-1918-2-kPSD-620x349@abc.jpg 619w, https:\/\/www.almargenweb.com.ar\/web\/wp-content\/uploads\/2021\/03\/Gripe-espanola-1918-2-kPSD-620x349@abc-300x169.jpg 300w\" sizes=\"auto, (max-width: 619px) 100vw, 619px\" \/><figcaption>Durante la primer Guerra mundial, Espa\u00f1a se mantuvo neutral, teniendo mas &#8220;tiempo&#8221; para realizar seguimiento informativo de la enfermedad. Por eso el resto de pa\u00edses acabaron bautizando la enfermedad como \u201cgripe espa\u00f1ola\u201d (aunque la enfermedad no se origin\u00f3 all\u00ed).<\/figcaption><\/figure>\n\n\n\n<p>Se cree que la transmisi\u00f3n de la enfermedad fue facilitada por la cantidad de viajes de los combatientes durante la guerra, y que sus sistemas inmunol\u00f3gicos debilitados por la tensi\u00f3n de los combates y los ataques qu\u00edmicos aumentaban las posibilidades de contagiarse.<\/p>\n\n\n\n<p><\/p>\n<!-- AddThis Advanced Settings generic via filter on the_content --><!-- AddThis Share Buttons generic via filter on the_content -->","protected":false},"excerpt":{"rendered":"<p>Hace 103 a\u00f1os, en Estados Unidos, era detectado el primer caso de una gripe que r\u00e1pidamente [&hellip;]<!-- AddThis Advanced Settings generic via filter on get_the_excerpt --><!-- AddThis Share Buttons generic via filter on get_the_excerpt --><\/p>\n","protected":false},"author":16,"featured_media":33946,"comment_status":"open","ping_status":"open","sticky":false,"template":"","format":"standard","meta":{"_seopress_robots_primary_cat":"none","_seopress_titles_title":"","_seopress_titles_desc":"","_seopress_robots_index":"","_themeisle_gutenberg_block_has_review":false,"footnotes":""},"categories":[2,164,5,15],"tags":[],"class_list":["post-33944","post","type-post","status-publish","format-standard","has-post-thumbnail","hentry","category-actualidad","category-ambiente","category-economia","category-salud"],"_links":{"self":[{"href":"https:\/\/www.almargenweb.com.ar\/web\/wp-json\/wp\/v2\/posts\/33944","targetHints":{"allow":["GET"]}}],"collection":[{"href":"https:\/\/www.almargenweb.com.ar\/web\/wp-json\/wp\/v2\/posts"}],"about":[{"href":"https:\/\/www.almargenweb.com.ar\/web\/wp-json\/wp\/v2\/types\/post"}],"author":[{"embeddable":true,"href":"https:\/\/www.almargenweb.com.ar\/web\/wp-json\/wp\/v2\/users\/16"}],"replies":[{"embeddable":true,"href":"https:\/\/www.almargenweb.com.ar\/web\/wp-json\/wp\/v2\/comments?post=33944"}],"version-history":[{"count":3,"href":"https:\/\/www.almargenweb.com.ar\/web\/wp-json\/wp\/v2\/posts\/33944\/revisions"}],"predecessor-version":[{"id":33952,"href":"https:\/\/www.almargenweb.com.ar\/web\/wp-json\/wp\/v2\/posts\/33944\/revisions\/33952"}],"wp:featuredmedia":[{"embeddable":true,"href":"https:\/\/www.almargenweb.com.ar\/web\/wp-json\/wp\/v2\/media\/33946"}],"wp:attachment":[{"href":"https:\/\/www.almargenweb.com.ar\/web\/wp-json\/wp\/v2\/media?parent=33944"}],"wp:term":[{"taxonomy":"category","embeddable":true,"href":"https:\/\/www.almargenweb.com.ar\/web\/wp-json\/wp\/v2\/categories?post=33944"},{"taxonomy":"post_tag","embeddable":true,"href":"https:\/\/www.almargenweb.com.ar\/web\/wp-json\/wp\/v2\/tags?post=33944"}],"curies":[{"name":"wp","href":"https:\/\/api.w.org\/{rel}","templated":true}]}}