{"id":33939,"date":"2021-03-04T11:44:27","date_gmt":"2021-03-04T14:44:27","guid":{"rendered":"http:\/\/www.almargenweb.com.ar\/web\/?p=33939"},"modified":"2021-03-04T11:44:28","modified_gmt":"2021-03-04T14:44:28","slug":"esperaba-los-resultados-de-su-tomografia-pero-le-dieron-un-cd-de-los-palmeras","status":"publish","type":"post","link":"https:\/\/www.almargenweb.com.ar\/web\/esperaba-los-resultados-de-su-tomografia-pero-le-dieron-un-cd-de-los-palmeras\/","title":{"rendered":"Esperaba los resultados de su tomograf\u00eda pero le dieron un CD de Los Palmeras"},"content":{"rendered":"\n<p>En un contexto en el que el sistema de salud deber\u00eda funcionar mejor que nunca, una rafaelina vivi\u00f3 una ins\u00f3lita y desgastante situaci\u00f3n. Mirta Carranza, de 69 a\u00f1os, necesitaba los resultados de los estudios de su tomograf\u00eda por contraste pero en cambio le dieron un CD de m\u00fasica tropical.<\/p>\n\n\n\n<p>&#8216;En el CD no est\u00e1n las im\u00e1genes de tu pulm\u00f3n, tiene m\u00fasica&#8217;, me dijo el m\u00e9dico que trat\u00f3 de calmarme, lo sac\u00f3 y lo volvi\u00f3 a poner. Pero no, ten\u00eda m\u00fasica. Entonces yo me pregunto, \u00bfen las manos de qui\u00e9n est\u00e1 nuestra salud?. No voy para que me saquen una u\u00f1a, estoy haciendo un seguimiento para saber si tengo c\u00e1ncer de pulm\u00f3n&#8221;, reiter\u00f3 Carranza.<\/p>\n\n\n\n<figure class=\"wp-block-image size-large is-resized\"><img loading=\"lazy\" decoding=\"async\" src=\"https:\/\/www.almargenweb.com.ar\/web\/wp-content\/uploads\/2021\/03\/palme.jpg\" alt=\"\" class=\"wp-image-33941\" width=\"577\" height=\"577\" srcset=\"https:\/\/www.almargenweb.com.ar\/web\/wp-content\/uploads\/2021\/03\/palme.jpg 458w, https:\/\/www.almargenweb.com.ar\/web\/wp-content\/uploads\/2021\/03\/palme-300x300.jpg 300w, https:\/\/www.almargenweb.com.ar\/web\/wp-content\/uploads\/2021\/03\/palme-150x150.jpg 150w\" sizes=\"auto, (max-width: 577px) 100vw, 577px\" \/><figcaption>&#8216;Ac\u00e1 tiene se\u00f1ora el CD&#8217; fue lo que le dijeron a Mirta Carranza, oriunda de Rafaela, cuando fue a buscar los resultados de la tomografia que mostrar\u00eda el estado de su neoplasia.<\/figcaption><\/figure>\n\n\n\n<p>Quiero que paguen lo que me hicieron, estoy con problemas psiqui\u00e1tricos, con psicol\u00f3gicos. Todo es un desgaste tremendo&#8221;, dijo por \u00faltimo.<\/p>\n<!-- AddThis Advanced Settings generic via filter on the_content --><!-- AddThis Share Buttons generic via filter on the_content -->","protected":false},"excerpt":{"rendered":"<p>En un contexto en el que el sistema de salud deber\u00eda funcionar mejor que nunca, una [&hellip;]<!-- AddThis Advanced Settings generic via filter on get_the_excerpt --><!-- AddThis Share Buttons generic via filter on get_the_excerpt --><\/p>\n","protected":false},"author":16,"featured_media":33942,"comment_status":"open","ping_status":"open","sticky":false,"template":"","format":"standard","meta":{"_seopress_robots_primary_cat":"none","_seopress_titles_title":"","_seopress_titles_desc":"","_seopress_robots_index":"","_themeisle_gutenberg_block_has_review":false,"footnotes":""},"categories":[20,21,29,15],"tags":[],"class_list":["post-33939","post","type-post","status-publish","format-standard","has-post-thumbnail","hentry","category-departamentales","category-las-colonias","category-regionales","category-salud"],"_links":{"self":[{"href":"https:\/\/www.almargenweb.com.ar\/web\/wp-json\/wp\/v2\/posts\/33939","targetHints":{"allow":["GET"]}}],"collection":[{"href":"https:\/\/www.almargenweb.com.ar\/web\/wp-json\/wp\/v2\/posts"}],"about":[{"href":"https:\/\/www.almargenweb.com.ar\/web\/wp-json\/wp\/v2\/types\/post"}],"author":[{"embeddable":true,"href":"https:\/\/www.almargenweb.com.ar\/web\/wp-json\/wp\/v2\/users\/16"}],"replies":[{"embeddable":true,"href":"https:\/\/www.almargenweb.com.ar\/web\/wp-json\/wp\/v2\/comments?post=33939"}],"version-history":[{"count":1,"href":"https:\/\/www.almargenweb.com.ar\/web\/wp-json\/wp\/v2\/posts\/33939\/revisions"}],"predecessor-version":[{"id":33943,"href":"https:\/\/www.almargenweb.com.ar\/web\/wp-json\/wp\/v2\/posts\/33939\/revisions\/33943"}],"wp:featuredmedia":[{"embeddable":true,"href":"https:\/\/www.almargenweb.com.ar\/web\/wp-json\/wp\/v2\/media\/33942"}],"wp:attachment":[{"href":"https:\/\/www.almargenweb.com.ar\/web\/wp-json\/wp\/v2\/media?parent=33939"}],"wp:term":[{"taxonomy":"category","embeddable":true,"href":"https:\/\/www.almargenweb.com.ar\/web\/wp-json\/wp\/v2\/categories?post=33939"},{"taxonomy":"post_tag","embeddable":true,"href":"https:\/\/www.almargenweb.com.ar\/web\/wp-json\/wp\/v2\/tags?post=33939"}],"curies":[{"name":"wp","href":"https:\/\/api.w.org\/{rel}","templated":true}]}}