{"id":33921,"date":"2021-03-03T15:56:53","date_gmt":"2021-03-03T18:56:53","guid":{"rendered":"http:\/\/www.almargenweb.com.ar\/web\/?p=33921"},"modified":"2021-03-03T15:56:54","modified_gmt":"2021-03-03T18:56:54","slug":"en-humbolt-proyectan-un-nuevo-espacio-de-arte-mural-y-espacio-verde","status":"publish","type":"post","link":"https:\/\/www.almargenweb.com.ar\/web\/en-humbolt-proyectan-un-nuevo-espacio-de-arte-mural-y-espacio-verde\/","title":{"rendered":"En Humbolt, proyectan un nuevo espacio de arte mural y espacio verde"},"content":{"rendered":"\n<p>La comuna de Humboldt comenz\u00f3 a trabajar en un nuevo evento que tendr\u00e1 en esta primera etapa la participaci\u00f3n de muralistas locales.<\/p>\n\n\n\n<p>El presidente comunal Duilio Rohrmann, manifest\u00f3 que este primer paso incluir\u00e1 el embellecimiento exterior del nuevo corral\u00f3n comunal; <\/p>\n\n\n\n<p>&#8220;Estamos pensando as\u00ed como se hizo en el a\u00f1o 2019 con gran \u00e9xito un nuevo encuentro de muralistas. Vamos a ir recuperando poco a poco la actividad cultural que se vio afectada fuertemente el a\u00f1o pasado por el tema de la pandemia de Coronavirus. Se trata de una actividad que se puede desarrollar sin ning\u00fan tipo de problema, dado que es al aire libre, con distanciamiento y en espacios seguros&#8221;.<\/p>\n\n\n\n<figure class=\"wp-block-image size-large\"><img loading=\"lazy\" decoding=\"async\" width=\"1024\" height=\"680\" src=\"https:\/\/www.almargenweb.com.ar\/web\/wp-content\/uploads\/2021\/03\/360051_mural1.jpg\" alt=\"\" class=\"wp-image-33924\" srcset=\"https:\/\/www.almargenweb.com.ar\/web\/wp-content\/uploads\/2021\/03\/360051_mural1.jpg 1024w, https:\/\/www.almargenweb.com.ar\/web\/wp-content\/uploads\/2021\/03\/360051_mural1-300x199.jpg 300w, https:\/\/www.almargenweb.com.ar\/web\/wp-content\/uploads\/2021\/03\/360051_mural1-768x510.jpg 768w\" sizes=\"auto, (max-width: 1024px) 100vw, 1024px\" \/><figcaption>En 2019 se desarrollo el  &#8220;1er. Encuentro de Muralismo y Arte P\u00fablico&#8221; &#8220;entre todos construimos&#8221;.<\/figcaption><\/figure>\n\n\n\n<p>Rohrmann agreg\u00f3 que ya finalizado el cerramiento del corral\u00f3n quedaron paneles de importantes dimensiones para que los artistas puedan lucirse. &#8220;Hay varios paneles del cerramiento que se hizo, que se pueden intervenir de forma art\u00edstica, d\u00e1ndole un toque mucho m\u00e1s importante. La idea es darle un impronta cultural a ese sector&#8221;, aclar\u00f3.<\/p>\n\n\n\n<p>En un principio ser\u00eda con los muralistas locales, y convocando luego hasta completar, como se hizo en ese momento con artistas de otras localidades, que siempre est\u00e1n esperando volver a Humboldt para llevar adelante su arte. La idea se va a ir plasmando a lo largo de este a\u00f1o.<\/p>\n\n\n\n<p><\/p>\n\n\n\n<p><\/p>\n\n\n\n<p><\/p>\n<!-- AddThis Advanced Settings generic via filter on the_content --><!-- AddThis Share Buttons generic via filter on the_content -->","protected":false},"excerpt":{"rendered":"<p>La comuna de Humboldt comenz\u00f3 a trabajar en un nuevo evento que tendr\u00e1 en esta primera [&hellip;]<!-- AddThis Advanced Settings generic via filter on get_the_excerpt --><!-- AddThis Share Buttons generic via filter on get_the_excerpt --><\/p>\n","protected":false},"author":16,"featured_media":33923,"comment_status":"open","ping_status":"open","sticky":false,"template":"","format":"standard","meta":{"_seopress_robots_primary_cat":"none","_seopress_titles_title":"","_seopress_titles_desc":"","_seopress_robots_index":"","_themeisle_gutenberg_block_has_review":false,"footnotes":""},"categories":[2,3,20,21,9],"tags":[],"class_list":["post-33921","post","type-post","status-publish","format-standard","has-post-thumbnail","hentry","category-actualidad","category-cultura","category-departamentales","category-las-colonias","category-politica"],"_links":{"self":[{"href":"https:\/\/www.almargenweb.com.ar\/web\/wp-json\/wp\/v2\/posts\/33921","targetHints":{"allow":["GET"]}}],"collection":[{"href":"https:\/\/www.almargenweb.com.ar\/web\/wp-json\/wp\/v2\/posts"}],"about":[{"href":"https:\/\/www.almargenweb.com.ar\/web\/wp-json\/wp\/v2\/types\/post"}],"author":[{"embeddable":true,"href":"https:\/\/www.almargenweb.com.ar\/web\/wp-json\/wp\/v2\/users\/16"}],"replies":[{"embeddable":true,"href":"https:\/\/www.almargenweb.com.ar\/web\/wp-json\/wp\/v2\/comments?post=33921"}],"version-history":[{"count":1,"href":"https:\/\/www.almargenweb.com.ar\/web\/wp-json\/wp\/v2\/posts\/33921\/revisions"}],"predecessor-version":[{"id":33925,"href":"https:\/\/www.almargenweb.com.ar\/web\/wp-json\/wp\/v2\/posts\/33921\/revisions\/33925"}],"wp:featuredmedia":[{"embeddable":true,"href":"https:\/\/www.almargenweb.com.ar\/web\/wp-json\/wp\/v2\/media\/33923"}],"wp:attachment":[{"href":"https:\/\/www.almargenweb.com.ar\/web\/wp-json\/wp\/v2\/media?parent=33921"}],"wp:term":[{"taxonomy":"category","embeddable":true,"href":"https:\/\/www.almargenweb.com.ar\/web\/wp-json\/wp\/v2\/categories?post=33921"},{"taxonomy":"post_tag","embeddable":true,"href":"https:\/\/www.almargenweb.com.ar\/web\/wp-json\/wp\/v2\/tags?post=33921"}],"curies":[{"name":"wp","href":"https:\/\/api.w.org\/{rel}","templated":true}]}}