{"id":33916,"date":"2021-03-03T09:39:23","date_gmt":"2021-03-03T12:39:23","guid":{"rendered":"http:\/\/www.almargenweb.com.ar\/web\/?p=33916"},"modified":"2021-03-03T09:39:24","modified_gmt":"2021-03-03T12:39:24","slug":"el-senador-michlig-encabezo-junto-a-la-intendenta-dupouy-el-acto-de-inauguracion-de-la-red-de-gas-natural","status":"publish","type":"post","link":"https:\/\/www.almargenweb.com.ar\/web\/el-senador-michlig-encabezo-junto-a-la-intendenta-dupouy-el-acto-de-inauguracion-de-la-red-de-gas-natural\/","title":{"rendered":"EL Senador Michlig encabez\u00f3 junto a la Intendenta Dupouy el acto de Inauguraci\u00f3n de la Red de Gas Natural"},"content":{"rendered":"\n<p>En la ma\u00f1ana de este martes el Senador Felipe Michlig junto a la intendenta de Ceres, Alejandra Dupouy, el Diputado Marcelo Gonz\u00e1lez y autoridades de Litoral Gas encabezaron el acto de inauguraci\u00f3n de la obra y encendido de la primera llama de la Red de Gas Natural de la ciudad.<\/p>\n\n\n\n<p>El senador Felipe Michlig en su discurso se\u00f1al\u00f3 que \u201ceste es un sue\u00f1o cumplido que se hace realidad despu\u00e9s de muchos a\u00f1os de gestiones y trabajo mancomunado para mejorar la calidad de vida de la gente y para un futuro con mayores oportunidades para todos. Seguiremos haciendo todo lo posible para que el gas natural tambi\u00e9n llegue a otras localidades del suroeste departamental como lo venimos planificando, con el proyecto ejecutivo y la previsi\u00f3n presupuestaria correspondiente para el gasoducto suroeste\u201d.<\/p>\n\n\n\n<figure class=\"wp-block-image size-large\"><img loading=\"lazy\" decoding=\"async\" width=\"870\" height=\"653\" src=\"https:\/\/www.almargenweb.com.ar\/web\/wp-content\/uploads\/2021\/03\/insta-inauguracion-gas-ceres-2.jpg\" alt=\"\" class=\"wp-image-33919\" srcset=\"https:\/\/www.almargenweb.com.ar\/web\/wp-content\/uploads\/2021\/03\/insta-inauguracion-gas-ceres-2.jpg 870w, https:\/\/www.almargenweb.com.ar\/web\/wp-content\/uploads\/2021\/03\/insta-inauguracion-gas-ceres-2-300x225.jpg 300w, https:\/\/www.almargenweb.com.ar\/web\/wp-content\/uploads\/2021\/03\/insta-inauguracion-gas-ceres-2-768x576.jpg 768w\" sizes=\"auto, (max-width: 870px) 100vw, 870px\" \/><figcaption>La obra llevada adelante por Litoral Gas, involucr\u00f3 34.920 metros de Red Media Presi\u00f3n y permitir\u00e1 que 2520 residenciales y 75 industrias puedan conectarse al servicio. La red cubre m\u00e1s de 80 manzanas, en el casco c\u00e9ntrico de la ciudad.<\/figcaption><\/figure>\n\n\n\n<p>La Intendenta Alejandra Dupouy sostuvo que \u201choy para nosotros es un d\u00eda hist\u00f3rico. Es un d\u00eda para celebrar. Siempre nos quejamos de que el norte santafesino queda postergado y hoy inaugurar la red de gas natural en Ceres, es un logro muy importante tambi\u00e9n para la regi\u00f3n\u201d.<\/p>\n<!-- AddThis Advanced Settings generic via filter on the_content --><!-- AddThis Share Buttons generic via filter on the_content -->","protected":false},"excerpt":{"rendered":"<p>En la ma\u00f1ana de este martes el Senador Felipe Michlig junto a la intendenta de Ceres, [&hellip;]<!-- AddThis Advanced Settings generic via filter on get_the_excerpt --><!-- AddThis Share Buttons generic via filter on get_the_excerpt --><\/p>\n","protected":false},"author":16,"featured_media":33918,"comment_status":"open","ping_status":"open","sticky":false,"template":"","format":"standard","meta":{"_seopress_robots_primary_cat":"none","_seopress_titles_title":"","_seopress_titles_desc":"","_seopress_robots_index":"","_themeisle_gutenberg_block_has_review":false,"footnotes":""},"categories":[2,24,9],"tags":[],"class_list":["post-33916","post","type-post","status-publish","format-standard","has-post-thumbnail","hentry","category-actualidad","category-obras-publicas","category-politica"],"_links":{"self":[{"href":"https:\/\/www.almargenweb.com.ar\/web\/wp-json\/wp\/v2\/posts\/33916","targetHints":{"allow":["GET"]}}],"collection":[{"href":"https:\/\/www.almargenweb.com.ar\/web\/wp-json\/wp\/v2\/posts"}],"about":[{"href":"https:\/\/www.almargenweb.com.ar\/web\/wp-json\/wp\/v2\/types\/post"}],"author":[{"embeddable":true,"href":"https:\/\/www.almargenweb.com.ar\/web\/wp-json\/wp\/v2\/users\/16"}],"replies":[{"embeddable":true,"href":"https:\/\/www.almargenweb.com.ar\/web\/wp-json\/wp\/v2\/comments?post=33916"}],"version-history":[{"count":1,"href":"https:\/\/www.almargenweb.com.ar\/web\/wp-json\/wp\/v2\/posts\/33916\/revisions"}],"predecessor-version":[{"id":33920,"href":"https:\/\/www.almargenweb.com.ar\/web\/wp-json\/wp\/v2\/posts\/33916\/revisions\/33920"}],"wp:featuredmedia":[{"embeddable":true,"href":"https:\/\/www.almargenweb.com.ar\/web\/wp-json\/wp\/v2\/media\/33918"}],"wp:attachment":[{"href":"https:\/\/www.almargenweb.com.ar\/web\/wp-json\/wp\/v2\/media?parent=33916"}],"wp:term":[{"taxonomy":"category","embeddable":true,"href":"https:\/\/www.almargenweb.com.ar\/web\/wp-json\/wp\/v2\/categories?post=33916"},{"taxonomy":"post_tag","embeddable":true,"href":"https:\/\/www.almargenweb.com.ar\/web\/wp-json\/wp\/v2\/tags?post=33916"}],"curies":[{"name":"wp","href":"https:\/\/api.w.org\/{rel}","templated":true}]}}