{"id":33909,"date":"2021-03-03T09:34:30","date_gmt":"2021-03-03T12:34:30","guid":{"rendered":"http:\/\/www.almargenweb.com.ar\/web\/?p=33909"},"modified":"2021-03-03T09:34:30","modified_gmt":"2021-03-03T12:34:30","slug":"a-un-ano-del-primer-caso-de-covid-19-en-argentina-el-paciente-cero-todavia-tiene-anticuerpos","status":"publish","type":"post","link":"https:\/\/www.almargenweb.com.ar\/web\/a-un-ano-del-primer-caso-de-covid-19-en-argentina-el-paciente-cero-todavia-tiene-anticuerpos\/","title":{"rendered":"A un a\u00f1o del primer caso de Covid-19 en Argentina, el paciente cero todav\u00eda tiene anticuerpos."},"content":{"rendered":"\n<p>El 3 de marzo de 2020 el entonces ministro de Salud de la Naci\u00f3n, Gin\u00e9s Gonz\u00e1lez Garc\u00eda, quien hab\u00eda asegurado que el Covid-19 no iba a llegar a la Argentina, anunci\u00f3 el primer caso de coronavirus en el pa\u00eds. Se trataba de un empresario del rubro marroquiner\u00eda porte\u00f1o, de 43 a\u00f1os, que hab\u00eda regresado de Europa.<\/p>\n\n\n\n<p>Apenas cuatro d\u00edas despu\u00e9s, el 7 de marzo un hombre de de 64 a\u00f1os se convirti\u00f3 en la primera v\u00edctima fatal de la enfermedad en la Argentina y en Latinoam\u00e9rica.<\/p>\n\n\n\n<figure class=\"wp-block-image size-large is-resized\"><img loading=\"lazy\" decoding=\"async\" src=\"https:\/\/www.almargenweb.com.ar\/web\/wp-content\/uploads\/2021\/03\/claudio-el-paciente-0-en___0xTg5YAoX_340x340__1.jpg\" alt=\"\" class=\"wp-image-33911\" width=\"523\" height=\"523\" srcset=\"https:\/\/www.almargenweb.com.ar\/web\/wp-content\/uploads\/2021\/03\/claudio-el-paciente-0-en___0xTg5YAoX_340x340__1.jpg 340w, https:\/\/www.almargenweb.com.ar\/web\/wp-content\/uploads\/2021\/03\/claudio-el-paciente-0-en___0xTg5YAoX_340x340__1-300x300.jpg 300w, https:\/\/www.almargenweb.com.ar\/web\/wp-content\/uploads\/2021\/03\/claudio-el-paciente-0-en___0xTg5YAoX_340x340__1-150x150.jpg 150w\" sizes=\"auto, (max-width: 523px) 100vw, 523px\" \/><figcaption>El paciente cero; contrajo el virus en un viaje por la ciudad de Roma.<\/figcaption><\/figure>\n\n\n\n<p>El 19 de marzo el presidente Alberto Fern\u00e1ndez dio inicio a la cuarentena obligatoria al anunciar el decreto 297\/2020 de necesidad y urgencia (DNU) para que el pa\u00eds ingrese en &#8220;Aislamiento social, preventivo y obligatorio&#8221; (ASPO) a partir del d\u00eda siguiente, con fuertes restricciones a la circulaci\u00f3n de personas y multas a quienes violen esas condiciones.<\/p>\n\n\n\n<figure class=\"wp-block-image size-large\"><img loading=\"lazy\" decoding=\"async\" width=\"700\" height=\"394\" src=\"https:\/\/www.almargenweb.com.ar\/web\/wp-content\/uploads\/2021\/03\/53417252_401.jpg\" alt=\"\" class=\"wp-image-33912\" srcset=\"https:\/\/www.almargenweb.com.ar\/web\/wp-content\/uploads\/2021\/03\/53417252_401.jpg 700w, https:\/\/www.almargenweb.com.ar\/web\/wp-content\/uploads\/2021\/03\/53417252_401-300x169.jpg 300w\" sizes=\"auto, (max-width: 700px) 100vw, 700px\" \/><figcaption>La cuarentena argentina fue una de las &#8220;mas largas del mundo&#8221;.<\/figcaption><\/figure>\n\n\n\n<p>Entre otras medidas, se suspendieron las clases presenciales de todos los niveles y los espect\u00e1culos deportivos y culturales, en tanto las calles del pa\u00eds quedaron vac\u00edas. A esas alturas, en la Argentina se registraban 128 casos positivos en total.<\/p>\n\n\n\n<figure class=\"wp-block-image size-large\"><img loading=\"lazy\" decoding=\"async\" width=\"700\" height=\"394\" src=\"https:\/\/www.almargenweb.com.ar\/web\/wp-content\/uploads\/2021\/03\/55251402_303.jpeg\" alt=\"\" class=\"wp-image-33913\" srcset=\"https:\/\/www.almargenweb.com.ar\/web\/wp-content\/uploads\/2021\/03\/55251402_303.jpeg 700w, https:\/\/www.almargenweb.com.ar\/web\/wp-content\/uploads\/2021\/03\/55251402_303-300x169.jpeg 300w\" sizes=\"auto, (max-width: 700px) 100vw, 700px\" \/><figcaption>Una de varias marchas que se llevaron adelante para protestar por las pol\u00edticas sanitarias del Gobierno, comenzaba el 25 de mayo.<\/figcaption><\/figure>\n\n\n\n<p>La incidencia de casos subi\u00f3 con el correr de los meses. De un promedio de 300 contagios diarios se pas\u00f3 a 10 mil. Esos n\u00fameros hicieron que en la segunda mitad de 2020 el pa\u00eds pasara a estar entre los m\u00e1s afectados por la pandemia.<\/p>\n\n\n\n<p>A un a\u00f1o de este primer caso ya se aplicaron 1.126.108 de dosis, y 30.2662 personas ya completaron el esquema de vacunaci\u00f3n con dos dosis.<\/p>\n<!-- AddThis Advanced Settings generic via filter on the_content --><!-- AddThis Share Buttons generic via filter on the_content -->","protected":false},"excerpt":{"rendered":"<p>El 3 de marzo de 2020 el entonces ministro de Salud de la Naci\u00f3n, Gin\u00e9s Gonz\u00e1lez [&hellip;]<!-- AddThis Advanced Settings generic via filter on get_the_excerpt --><!-- AddThis Share Buttons generic via filter on get_the_excerpt --><\/p>\n","protected":false},"author":16,"featured_media":33914,"comment_status":"open","ping_status":"open","sticky":false,"template":"","format":"standard","meta":{"_seopress_robots_primary_cat":"none","_seopress_titles_title":"","_seopress_titles_desc":"","_seopress_robots_index":"","_themeisle_gutenberg_block_has_review":false,"footnotes":""},"categories":[2,164,9,15],"tags":[],"class_list":["post-33909","post","type-post","status-publish","format-standard","has-post-thumbnail","hentry","category-actualidad","category-ambiente","category-politica","category-salud"],"_links":{"self":[{"href":"https:\/\/www.almargenweb.com.ar\/web\/wp-json\/wp\/v2\/posts\/33909","targetHints":{"allow":["GET"]}}],"collection":[{"href":"https:\/\/www.almargenweb.com.ar\/web\/wp-json\/wp\/v2\/posts"}],"about":[{"href":"https:\/\/www.almargenweb.com.ar\/web\/wp-json\/wp\/v2\/types\/post"}],"author":[{"embeddable":true,"href":"https:\/\/www.almargenweb.com.ar\/web\/wp-json\/wp\/v2\/users\/16"}],"replies":[{"embeddable":true,"href":"https:\/\/www.almargenweb.com.ar\/web\/wp-json\/wp\/v2\/comments?post=33909"}],"version-history":[{"count":1,"href":"https:\/\/www.almargenweb.com.ar\/web\/wp-json\/wp\/v2\/posts\/33909\/revisions"}],"predecessor-version":[{"id":33915,"href":"https:\/\/www.almargenweb.com.ar\/web\/wp-json\/wp\/v2\/posts\/33909\/revisions\/33915"}],"wp:featuredmedia":[{"embeddable":true,"href":"https:\/\/www.almargenweb.com.ar\/web\/wp-json\/wp\/v2\/media\/33914"}],"wp:attachment":[{"href":"https:\/\/www.almargenweb.com.ar\/web\/wp-json\/wp\/v2\/media?parent=33909"}],"wp:term":[{"taxonomy":"category","embeddable":true,"href":"https:\/\/www.almargenweb.com.ar\/web\/wp-json\/wp\/v2\/categories?post=33909"},{"taxonomy":"post_tag","embeddable":true,"href":"https:\/\/www.almargenweb.com.ar\/web\/wp-json\/wp\/v2\/tags?post=33909"}],"curies":[{"name":"wp","href":"https:\/\/api.w.org\/{rel}","templated":true}]}}