{"id":33889,"date":"2021-03-02T08:29:43","date_gmt":"2021-03-02T11:29:43","guid":{"rendered":"http:\/\/www.almargenweb.com.ar\/web\/?p=33889"},"modified":"2021-03-02T08:29:45","modified_gmt":"2021-03-02T11:29:45","slug":"senn-y-muller-realizan-gestiones-para-agilizar-la-atencion-en-el-registro-civil-de-esperanza","status":"publish","type":"post","link":"https:\/\/www.almargenweb.com.ar\/web\/senn-y-muller-realizan-gestiones-para-agilizar-la-atencion-en-el-registro-civil-de-esperanza\/","title":{"rendered":"Senn y M\u00fcller realizan gestiones para agilizar la atenci\u00f3n en el Registro Civil de Esperanza."},"content":{"rendered":"\n<p>La diputada Jimena Senn y el concejal Rodrigo M\u00fcller a trav\u00e9s de un proyecto de comunicaci\u00f3n solicitaron que se actualice y mejore la plataforma digital con la que hoy trabaja el Registro Civil de la ciudad de Esperanza y pidi\u00f3 que los cargos que hoy se encuentran disponibles sean ocupados para mejorar la atenci\u00f3n de los vecinos y vecinas no solo de Esperanza sino de la regi\u00f3n.<\/p>\n\n\n\n<p>El covid-19 oblig\u00f3 a replantearnos entre muchas otras cosas, la manera de realizar nuestro trabajo. Para priorizar el resguardo de la salud, en diferentes tipos de actividades, muchos hombres y mujeres debieron tomar licencia o realizar trabajo remoto desde sus hogares.<\/p>\n\n\n\n<p>Dicha situaci\u00f3n no fue ajena en el Registro Civil de la ciudad de Esperanza, a lo que se suma la falta de personal por la jubilaci\u00f3n de empleados cuyos cargos vacantes no fueron cubiertos; pero donde se presenta una gran falencia en la posibilidad de implementaci\u00f3n de la virtualidad dado que uno de los principales inconvenientes es el inadecuado funcionamiento del sistema digital.<\/p>\n\n\n\n<p>Ante la imposibilidad de brindar una buena atenci\u00f3n on-line, la presencialidad pas\u00f3 a ser un requisito pr\u00e1cticamente indiscutible a la hora de recurrir al Registro Civil de la localidad. Esto genera largas colas en la dependencia para poder realizar los distintos tr\u00e1mites, e impacta de forma negativa en la atenci\u00f3n que se brinda ante las demandas de los ciudadanos y ciudadanas, que en muchas ocasiones no pueden ser atendidas; situaci\u00f3n que se traduce en numerosos reclamos, que quedan sin respuesta\u201d.<\/p>\n\n\n\n<p>\u201cLa ciudad de Esperanza cuenta en la actualidad con m\u00e1s de 40 mil habitantes, que sumados a todos los vecinos y vecinas de localidades aleda\u00f1as que tambi\u00e9n, ante cualquier tr\u00e1mite de estas caracter\u00edsticas debe trasladarse hasta esta dependencia, hace que sea urgente brindar una respuesta para agilizar y facilitar las gestiones y brindar un servicio de calidad a los mismos\u201d. Expres\u00f3 la Diputada Jimena Senn.<\/p>\n\n\n\n<p>Tambi\u00e9n hizo hincapi\u00e9 en los fondos con los que cuenta la Provincia \u201cEntendiendo que la Provincia cuenta con los fondos necesarios dada la sanci\u00f3n de diferentes leyes de financiamiento, y que es obligaci\u00f3n del Estado Provincial asegurar las necesidades de los santafesinos y santafesinas es que realizamos esta solicitud\u201d.<\/p>\n<!-- AddThis Advanced Settings generic via filter on the_content --><!-- AddThis Share Buttons generic via filter on the_content -->","protected":false},"excerpt":{"rendered":"<p>La diputada Jimena Senn y el concejal Rodrigo M\u00fcller a trav\u00e9s de un proyecto de comunicaci\u00f3n [&hellip;]<!-- AddThis Advanced Settings generic via filter on get_the_excerpt --><!-- AddThis Share Buttons generic via filter on get_the_excerpt --><\/p>\n","protected":false},"author":16,"featured_media":33891,"comment_status":"open","ping_status":"open","sticky":false,"template":"","format":"standard","meta":{"_seopress_robots_primary_cat":"none","_seopress_titles_title":"","_seopress_titles_desc":"","_seopress_robots_index":"","_themeisle_gutenberg_block_has_review":false,"footnotes":""},"categories":[2,21,47,9],"tags":[],"class_list":["post-33889","post","type-post","status-publish","format-standard","has-post-thumbnail","hentry","category-actualidad","category-las-colonias","category-locales","category-politica"],"_links":{"self":[{"href":"https:\/\/www.almargenweb.com.ar\/web\/wp-json\/wp\/v2\/posts\/33889","targetHints":{"allow":["GET"]}}],"collection":[{"href":"https:\/\/www.almargenweb.com.ar\/web\/wp-json\/wp\/v2\/posts"}],"about":[{"href":"https:\/\/www.almargenweb.com.ar\/web\/wp-json\/wp\/v2\/types\/post"}],"author":[{"embeddable":true,"href":"https:\/\/www.almargenweb.com.ar\/web\/wp-json\/wp\/v2\/users\/16"}],"replies":[{"embeddable":true,"href":"https:\/\/www.almargenweb.com.ar\/web\/wp-json\/wp\/v2\/comments?post=33889"}],"version-history":[{"count":1,"href":"https:\/\/www.almargenweb.com.ar\/web\/wp-json\/wp\/v2\/posts\/33889\/revisions"}],"predecessor-version":[{"id":33892,"href":"https:\/\/www.almargenweb.com.ar\/web\/wp-json\/wp\/v2\/posts\/33889\/revisions\/33892"}],"wp:featuredmedia":[{"embeddable":true,"href":"https:\/\/www.almargenweb.com.ar\/web\/wp-json\/wp\/v2\/media\/33891"}],"wp:attachment":[{"href":"https:\/\/www.almargenweb.com.ar\/web\/wp-json\/wp\/v2\/media?parent=33889"}],"wp:term":[{"taxonomy":"category","embeddable":true,"href":"https:\/\/www.almargenweb.com.ar\/web\/wp-json\/wp\/v2\/categories?post=33889"},{"taxonomy":"post_tag","embeddable":true,"href":"https:\/\/www.almargenweb.com.ar\/web\/wp-json\/wp\/v2\/tags?post=33889"}],"curies":[{"name":"wp","href":"https:\/\/api.w.org\/{rel}","templated":true}]}}