{"id":33767,"date":"2021-02-23T17:56:55","date_gmt":"2021-02-23T20:56:55","guid":{"rendered":"http:\/\/www.almargenweb.com.ar\/web\/?p=33767"},"modified":"2021-02-23T17:56:56","modified_gmt":"2021-02-23T20:56:56","slug":"los-jovenes-adultos-los-mas-afectados-por-la-soledad-durante-la-pandemia","status":"publish","type":"post","link":"https:\/\/www.almargenweb.com.ar\/web\/los-jovenes-adultos-los-mas-afectados-por-la-soledad-durante-la-pandemia\/","title":{"rendered":"Los j\u00f3venes adultos, los m\u00e1s afectados por la soledad durante la pandemia"},"content":{"rendered":"\n<p>El informe, basado en una encuesta online a aproximadamente 950 estadounidenses en octubre del 2020, explora desde varios tipos de soledad hasta las diversas causas y los costos potencialmente elevados de la misma, incluida la mortalidad temprana y una amplia gama de problemas f\u00edsicos y emocionales graves, que incluyen depresi\u00f3n, ansiedad, enfermedades card\u00edacas, abuso de sustancias y problemas dom\u00e9sticos.<\/p>\n\n\n\n<p>Seg\u00fan pudieron observar las y los investigadores, el 36% de todos los participantes, incluido el 61% de los adultos j\u00f3venes de entre 18 y 25 a\u00f1os y el 51% de las madres con ni\u00f1os peque\u00f1os, sienten una &#8220;seria soledad&#8221; casi todo el tiempo o todo el tiempo.<\/p>\n\n\n\n<figure class=\"wp-block-image size-large\"><img loading=\"lazy\" decoding=\"async\" width=\"798\" height=\"459\" src=\"https:\/\/www.almargenweb.com.ar\/web\/wp-content\/uploads\/2021\/02\/1140-loneliness-crowd_web-1.jpg_666682739-1.jpg\" alt=\"\" class=\"wp-image-33770\" srcset=\"https:\/\/www.almargenweb.com.ar\/web\/wp-content\/uploads\/2021\/02\/1140-loneliness-crowd_web-1.jpg_666682739-1.jpg 798w, https:\/\/www.almargenweb.com.ar\/web\/wp-content\/uploads\/2021\/02\/1140-loneliness-crowd_web-1.jpg_666682739-1-300x173.jpg 300w, https:\/\/www.almargenweb.com.ar\/web\/wp-content\/uploads\/2021\/02\/1140-loneliness-crowd_web-1.jpg_666682739-1-768x442.jpg 768w\" sizes=\"auto, (max-width: 798px) 100vw, 798px\" \/><figcaption>A esa edad, los j\u00f3venes suelen tomar decisiones cr\u00edticas sobre sus vidas lo que puede aumentar el estr\u00e9s y la sensaci\u00f3n de aislamiento.<\/figcaption><\/figure>\n\n\n\n<p>El estudio sostienen que aproximadamente la mitad de los adultos j\u00f3venes solitarios en la encuesta informaron que nadie en las \u00faltimas semanas se hab\u00eda &#8220;tomado m\u00e1s que unos pocos minutos&#8221; para preguntar c\u00f3mo les estaba yendo de una manera que les hiciera sentir que la persona &#8220;se preocupaba de verdad&#8221;.<\/p>\n\n\n\n<p><\/p>\n<!-- AddThis Advanced Settings generic via filter on the_content --><!-- AddThis Share Buttons generic via filter on the_content -->","protected":false},"excerpt":{"rendered":"<p>El informe, basado en una encuesta online a aproximadamente 950 estadounidenses en octubre del 2020, explora [&hellip;]<!-- AddThis Advanced Settings generic via filter on get_the_excerpt --><!-- AddThis Share Buttons generic via filter on get_the_excerpt --><\/p>\n","protected":false},"author":16,"featured_media":33771,"comment_status":"open","ping_status":"open","sticky":false,"template":"","format":"standard","meta":{"_seopress_robots_primary_cat":"none","_seopress_titles_title":"","_seopress_titles_desc":"","_seopress_robots_index":"","_themeisle_gutenberg_block_has_review":false,"footnotes":""},"categories":[2,15],"tags":[],"class_list":["post-33767","post","type-post","status-publish","format-standard","has-post-thumbnail","hentry","category-actualidad","category-salud"],"_links":{"self":[{"href":"https:\/\/www.almargenweb.com.ar\/web\/wp-json\/wp\/v2\/posts\/33767","targetHints":{"allow":["GET"]}}],"collection":[{"href":"https:\/\/www.almargenweb.com.ar\/web\/wp-json\/wp\/v2\/posts"}],"about":[{"href":"https:\/\/www.almargenweb.com.ar\/web\/wp-json\/wp\/v2\/types\/post"}],"author":[{"embeddable":true,"href":"https:\/\/www.almargenweb.com.ar\/web\/wp-json\/wp\/v2\/users\/16"}],"replies":[{"embeddable":true,"href":"https:\/\/www.almargenweb.com.ar\/web\/wp-json\/wp\/v2\/comments?post=33767"}],"version-history":[{"count":1,"href":"https:\/\/www.almargenweb.com.ar\/web\/wp-json\/wp\/v2\/posts\/33767\/revisions"}],"predecessor-version":[{"id":33772,"href":"https:\/\/www.almargenweb.com.ar\/web\/wp-json\/wp\/v2\/posts\/33767\/revisions\/33772"}],"wp:featuredmedia":[{"embeddable":true,"href":"https:\/\/www.almargenweb.com.ar\/web\/wp-json\/wp\/v2\/media\/33771"}],"wp:attachment":[{"href":"https:\/\/www.almargenweb.com.ar\/web\/wp-json\/wp\/v2\/media?parent=33767"}],"wp:term":[{"taxonomy":"category","embeddable":true,"href":"https:\/\/www.almargenweb.com.ar\/web\/wp-json\/wp\/v2\/categories?post=33767"},{"taxonomy":"post_tag","embeddable":true,"href":"https:\/\/www.almargenweb.com.ar\/web\/wp-json\/wp\/v2\/tags?post=33767"}],"curies":[{"name":"wp","href":"https:\/\/api.w.org\/{rel}","templated":true}]}}