{"id":33763,"date":"2021-02-23T17:37:52","date_gmt":"2021-02-23T20:37:52","guid":{"rendered":"http:\/\/www.almargenweb.com.ar\/web\/?p=33763"},"modified":"2021-02-23T17:37:54","modified_gmt":"2021-02-23T20:37:54","slug":"franck-disertaron-sobre-la-democracia-suiza-en-el-primer-encuentro-de-entidades-valencianas","status":"publish","type":"post","link":"https:\/\/www.almargenweb.com.ar\/web\/franck-disertaron-sobre-la-democracia-suiza-en-el-primer-encuentro-de-entidades-valencianas\/","title":{"rendered":"Franck, disertaron sobre la democracia suiza en el Primer encuentro de Entidades Valencianas"},"content":{"rendered":"\n<p>En la sede de la Asociaci\u00f3n Suiza Iterlaken, se desarrollo el primer Encuentro de entidades Valencianas de Franck.<\/p>\n\n\n\n<p>Agustin Addy fue invitado a disertar sobre el sistema democr\u00e1tico suizo, a lo largo de la historia y su relaci\u00f3n con el resto de los pa\u00edses europeos.<\/p>\n\n\n\n<p>La disertaci\u00f3n se dio en el marco del programa de actividades, preparado por la entidad organizadora, para este a\u00f1o 2021.<\/p>\n<!-- AddThis Advanced Settings generic via filter on the_content --><!-- AddThis Share Buttons generic via filter on the_content -->","protected":false},"excerpt":{"rendered":"<p>En la sede de la Asociaci\u00f3n Suiza Iterlaken, se desarrollo el primer Encuentro de entidades Valencianas [&hellip;]<!-- AddThis Advanced Settings generic via filter on get_the_excerpt --><!-- AddThis Share Buttons generic via filter on get_the_excerpt --><\/p>\n","protected":false},"author":16,"featured_media":33765,"comment_status":"open","ping_status":"open","sticky":false,"template":"","format":"standard","meta":{"_seopress_robots_primary_cat":"none","_seopress_titles_title":"","_seopress_titles_desc":"","_seopress_robots_index":"","_themeisle_gutenberg_block_has_review":false,"footnotes":""},"categories":[2,3,21],"tags":[],"class_list":["post-33763","post","type-post","status-publish","format-standard","has-post-thumbnail","hentry","category-actualidad","category-cultura","category-las-colonias"],"_links":{"self":[{"href":"https:\/\/www.almargenweb.com.ar\/web\/wp-json\/wp\/v2\/posts\/33763","targetHints":{"allow":["GET"]}}],"collection":[{"href":"https:\/\/www.almargenweb.com.ar\/web\/wp-json\/wp\/v2\/posts"}],"about":[{"href":"https:\/\/www.almargenweb.com.ar\/web\/wp-json\/wp\/v2\/types\/post"}],"author":[{"embeddable":true,"href":"https:\/\/www.almargenweb.com.ar\/web\/wp-json\/wp\/v2\/users\/16"}],"replies":[{"embeddable":true,"href":"https:\/\/www.almargenweb.com.ar\/web\/wp-json\/wp\/v2\/comments?post=33763"}],"version-history":[{"count":1,"href":"https:\/\/www.almargenweb.com.ar\/web\/wp-json\/wp\/v2\/posts\/33763\/revisions"}],"predecessor-version":[{"id":33766,"href":"https:\/\/www.almargenweb.com.ar\/web\/wp-json\/wp\/v2\/posts\/33763\/revisions\/33766"}],"wp:featuredmedia":[{"embeddable":true,"href":"https:\/\/www.almargenweb.com.ar\/web\/wp-json\/wp\/v2\/media\/33765"}],"wp:attachment":[{"href":"https:\/\/www.almargenweb.com.ar\/web\/wp-json\/wp\/v2\/media?parent=33763"}],"wp:term":[{"taxonomy":"category","embeddable":true,"href":"https:\/\/www.almargenweb.com.ar\/web\/wp-json\/wp\/v2\/categories?post=33763"},{"taxonomy":"post_tag","embeddable":true,"href":"https:\/\/www.almargenweb.com.ar\/web\/wp-json\/wp\/v2\/tags?post=33763"}],"curies":[{"name":"wp","href":"https:\/\/api.w.org\/{rel}","templated":true}]}}