{"id":33727,"date":"2021-02-22T08:17:54","date_gmt":"2021-02-22T11:17:54","guid":{"rendered":"http:\/\/www.almargenweb.com.ar\/web\/?p=33727"},"modified":"2021-02-22T08:18:49","modified_gmt":"2021-02-22T11:18:49","slug":"que-calla-la-gestion-meiners-con-el-veto-a-crear-una-feria-agroalimentaria-solo-demuestra-su-esfuerzo-por-alejarse-de-la-gente","status":"publish","type":"post","link":"https:\/\/www.almargenweb.com.ar\/web\/que-calla-la-gestion-meiners-con-el-veto-a-crear-una-feria-agroalimentaria-solo-demuestra-su-esfuerzo-por-alejarse-de-la-gente\/","title":{"rendered":"Que calla la Gesti\u00f3n Meiners con el veto a crear una Feria Agroalimentaria? Solo demuestra &#8220;su esfuerzo por alejarse de la gente&#8221;"},"content":{"rendered":"\n<p>La Feria Agroalimentaria fue un proyecto presentado por el Concejal del bloque UCR, Rodrigo M\u00fcller, que propon\u00eda la creaci\u00f3n de una feria comercial, con rotaci\u00f3n barrial, donde los peque\u00f1os productores de alimentos, huerteros locales, como as\u00ed tambi\u00e9n aquellos artesanos que produzcan alimentos, tengan un lugar f\u00edsico donde ofrecer todos sus productos de manera que la peque\u00f1a econom\u00eda local se vea beneficiada. Una forma inteligente de ayudar a la reactivaci\u00f3n, en la inmediatez.<\/p>\n\n\n\n<p>Ana Meiners, sin dar ning\u00fan argumento s\u00f3lido, decide vetar el proyecto que hab\u00eda sido aprobado por la oposici\u00f3n. Es el segundo veto de estas caracter\u00edsticas, en menos de un a\u00f1o, a los proyectos de la UCR. Y el cuarto a distintos proyectos, aprobados por el Concejo Municipal.<\/p>\n\n\n\n<figure class=\"wp-block-image size-large\"><img loading=\"lazy\" decoding=\"async\" width=\"720\" height=\"366\" src=\"https:\/\/www.almargenweb.com.ar\/web\/wp-content\/uploads\/2021\/02\/000000-fiabs.jpg\" alt=\"\" class=\"wp-image-33730\" srcset=\"https:\/\/www.almargenweb.com.ar\/web\/wp-content\/uploads\/2021\/02\/000000-fiabs.jpg 720w, https:\/\/www.almargenweb.com.ar\/web\/wp-content\/uploads\/2021\/02\/000000-fiabs-300x153.jpg 300w\" sizes=\"auto, (max-width: 720px) 100vw, 720px\" \/><figcaption>En contra de las Ferias itinerantes; el proyecto vetado por Meiners, esta inspirado en ferias agroalimenticias de localidades cercanas. <\/figcaption><\/figure>\n\n\n\n<p>El Proyecto, que hab\u00eda sido trabajado por ingenieros agr\u00f3nomo, abogados y profesionales, adem\u00e1s hab\u00eda recibido aportes desde la Universidad Nacional del Litoral, fue pensado a partir de experiencias tangibles en localidades cercanas; los vecinos se re\u00fanen en alguna plaza de barrio, en donde pueden comprar productos alimenticios, de elaboraci\u00f3n y producci\u00f3n propia.<\/p>\n\n\n\n<p>Esta forma de consumo, le hubiese dado al peque\u00f1o productor de Esperanza, la oportunidad de mostrarse y vender. Las miserias y mezquindades pol\u00edticas vedan esas voces.<\/p>\n\n\n\n<figure class=\"wp-block-image size-large is-resized\"><img loading=\"lazy\" decoding=\"async\" src=\"https:\/\/www.almargenweb.com.ar\/web\/wp-content\/uploads\/2021\/02\/1613085905-01.jpeg\" alt=\"\" class=\"wp-image-33732\" width=\"575\" height=\"576\" srcset=\"https:\/\/www.almargenweb.com.ar\/web\/wp-content\/uploads\/2021\/02\/1613085905-01.jpeg 388w, https:\/\/www.almargenweb.com.ar\/web\/wp-content\/uploads\/2021\/02\/1613085905-01-300x300.jpeg 300w, https:\/\/www.almargenweb.com.ar\/web\/wp-content\/uploads\/2021\/02\/1613085905-01-150x150.jpeg 150w\" sizes=\"auto, (max-width: 575px) 100vw, 575px\" \/><figcaption>Es el cuarto veto de Ana Meiners a distintos proyectos, aprobados por el Concejo Municipal.<\/figcaption><\/figure>\n\n\n\n<p>La pandemia por covid-19 marco un punto de inflexi\u00f3n en la historia universal y dej\u00f3 en evidencia fallas que pens\u00e1bamos inclaudicables. En momentos excepcionales de esta existencia, nuestros gobernantes tienen que entender, que no es momento de mezquindades. <\/p>\n\n\n\n<p>Es momento, ya en su cuarto mandato, de rever eso de \u201cDios y la Patria me lo demanden\u201d. Lo necesita encarecidamente la ciudad de Esperanza.<\/p>\n<!-- AddThis Advanced Settings generic via filter on the_content --><!-- AddThis Share Buttons generic via filter on the_content -->","protected":false},"excerpt":{"rendered":"<p>La Feria Agroalimentaria fue un proyecto presentado por el Concejal del bloque UCR, Rodrigo M\u00fcller, que [&hellip;]<!-- AddThis Advanced Settings generic via filter on get_the_excerpt --><!-- AddThis Share Buttons generic via filter on get_the_excerpt --><\/p>\n","protected":false},"author":16,"featured_media":33729,"comment_status":"open","ping_status":"open","sticky":false,"template":"","format":"standard","meta":{"_seopress_robots_primary_cat":"none","_seopress_titles_title":"","_seopress_titles_desc":"","_seopress_robots_index":"","_themeisle_gutenberg_block_has_review":false,"footnotes":""},"categories":[2,47,9],"tags":[],"class_list":["post-33727","post","type-post","status-publish","format-standard","has-post-thumbnail","hentry","category-actualidad","category-locales","category-politica"],"_links":{"self":[{"href":"https:\/\/www.almargenweb.com.ar\/web\/wp-json\/wp\/v2\/posts\/33727","targetHints":{"allow":["GET"]}}],"collection":[{"href":"https:\/\/www.almargenweb.com.ar\/web\/wp-json\/wp\/v2\/posts"}],"about":[{"href":"https:\/\/www.almargenweb.com.ar\/web\/wp-json\/wp\/v2\/types\/post"}],"author":[{"embeddable":true,"href":"https:\/\/www.almargenweb.com.ar\/web\/wp-json\/wp\/v2\/users\/16"}],"replies":[{"embeddable":true,"href":"https:\/\/www.almargenweb.com.ar\/web\/wp-json\/wp\/v2\/comments?post=33727"}],"version-history":[{"count":1,"href":"https:\/\/www.almargenweb.com.ar\/web\/wp-json\/wp\/v2\/posts\/33727\/revisions"}],"predecessor-version":[{"id":33733,"href":"https:\/\/www.almargenweb.com.ar\/web\/wp-json\/wp\/v2\/posts\/33727\/revisions\/33733"}],"wp:featuredmedia":[{"embeddable":true,"href":"https:\/\/www.almargenweb.com.ar\/web\/wp-json\/wp\/v2\/media\/33729"}],"wp:attachment":[{"href":"https:\/\/www.almargenweb.com.ar\/web\/wp-json\/wp\/v2\/media?parent=33727"}],"wp:term":[{"taxonomy":"category","embeddable":true,"href":"https:\/\/www.almargenweb.com.ar\/web\/wp-json\/wp\/v2\/categories?post=33727"},{"taxonomy":"post_tag","embeddable":true,"href":"https:\/\/www.almargenweb.com.ar\/web\/wp-json\/wp\/v2\/tags?post=33727"}],"curies":[{"name":"wp","href":"https:\/\/api.w.org\/{rel}","templated":true}]}}