{"id":33708,"date":"2021-02-20T14:02:27","date_gmt":"2021-02-20T17:02:27","guid":{"rendered":"http:\/\/www.almargenweb.com.ar\/web\/?p=33708"},"modified":"2021-02-20T14:02:28","modified_gmt":"2021-02-20T17:02:28","slug":"para-la-iglesia-es-vergonzoso-la-politizacion-de-la-vacuna","status":"publish","type":"post","link":"https:\/\/www.almargenweb.com.ar\/web\/para-la-iglesia-es-vergonzoso-la-politizacion-de-la-vacuna\/","title":{"rendered":"Para la iglesia es &#8220;vergonzoso la politizaci\u00f3n de la vacuna\u201d"},"content":{"rendered":"\n<p>El presidente de la Conferencia Episcopal Argentina (CEA), Oscar Ojea, asegur\u00f3 este s\u00e1bado que los argentinos viven &#8220;perplejos la politizaci\u00f3n de la vacuna&#8221; contra el coronavirus y remarc\u00f3 que se debe &#8220;tener una gran delicadeza&#8221; con el tema, &#8220;porque se trata de la vida y la muerte&#8221;.<\/p>\n\n\n\n<p>Ojea remarc\u00f3 que &#8220;los primeros que merecen recibirla aquellos que tienen la responsabilidad de los cuidados esenciales&#8221;.<\/p>\n\n\n\n<p>En un mensaje grabado y difundido previo al primer domingo de Cuaresma, el obispo de San Isidro reflexion\u00f3 sobre las &#8220;tentaciones&#8221; que tienen los argentinos en este momento.<\/p>\n\n\n\n<figure class=\"wp-block-image size-large\"><img loading=\"lazy\" decoding=\"async\" width=\"1024\" height=\"680\" src=\"https:\/\/www.almargenweb.com.ar\/web\/wp-content\/uploads\/2021\/02\/357665_04.jpg\" alt=\"\" class=\"wp-image-33710\" srcset=\"https:\/\/www.almargenweb.com.ar\/web\/wp-content\/uploads\/2021\/02\/357665_04.jpg 1024w, https:\/\/www.almargenweb.com.ar\/web\/wp-content\/uploads\/2021\/02\/357665_04-300x199.jpg 300w, https:\/\/www.almargenweb.com.ar\/web\/wp-content\/uploads\/2021\/02\/357665_04-768x510.jpg 768w\" sizes=\"auto, (max-width: 1024px) 100vw, 1024px\" \/><figcaption>&#8220;Pienso en que tenemos la tentaci\u00f3n tremenda de autodestruirnos, y de boicotearnos en aquello que nos puede hacer bien&#8221;, lament\u00f3 Ojea.<\/figcaption><\/figure>\n\n\n\n<p>&#8220;As\u00ed es el esp\u00edritu del mal que nos lleva a romper, a cortar nuestra relaci\u00f3n con la naturaleza dentro de nosotros mismos y con los hermanos y hermanas. Pid\u00e1mosle al Se\u00f1or que venci\u00f3 la tentaci\u00f3n, que super\u00f3 la prueba, que nos d\u00e9 la fuerza, para vencer esta tremenda tentaci\u00f3n de autodestruirnos&#8221;, se\u00f1al\u00f3 el presidente de la Conferencia Episcopal Argentina (CEA).<\/p>\n\n\n\n<p>Las expresiones de Ojea se dieron luego del esc\u00e1ndalo por la &#8220;vacunaci\u00f3n VIP&#8221; de dirigentes y allegados al Gobierno en el Ministerio de Salud, que le cost\u00f3 el puesto a Gin\u00e9s Gonz\u00e1lez Garc\u00eda.<\/p>\n\n\n\n<p><\/p>\n\n\n\n<p><\/p>\n<!-- AddThis Advanced Settings generic via filter on the_content --><!-- AddThis Share Buttons generic via filter on the_content -->","protected":false},"excerpt":{"rendered":"<p>El presidente de la Conferencia Episcopal Argentina (CEA), Oscar Ojea, asegur\u00f3 este s\u00e1bado que los argentinos [&hellip;]<!-- AddThis Advanced Settings generic via filter on get_the_excerpt --><!-- AddThis Share Buttons generic via filter on get_the_excerpt --><\/p>\n","protected":false},"author":16,"featured_media":33711,"comment_status":"open","ping_status":"open","sticky":false,"template":"","format":"standard","meta":{"_seopress_robots_primary_cat":"none","_seopress_titles_title":"","_seopress_titles_desc":"","_seopress_robots_index":"","_themeisle_gutenberg_block_has_review":false,"footnotes":""},"categories":[2,140,9,15],"tags":[],"class_list":["post-33708","post","type-post","status-publish","format-standard","has-post-thumbnail","hentry","category-actualidad","category-nacionales","category-politica","category-salud"],"_links":{"self":[{"href":"https:\/\/www.almargenweb.com.ar\/web\/wp-json\/wp\/v2\/posts\/33708","targetHints":{"allow":["GET"]}}],"collection":[{"href":"https:\/\/www.almargenweb.com.ar\/web\/wp-json\/wp\/v2\/posts"}],"about":[{"href":"https:\/\/www.almargenweb.com.ar\/web\/wp-json\/wp\/v2\/types\/post"}],"author":[{"embeddable":true,"href":"https:\/\/www.almargenweb.com.ar\/web\/wp-json\/wp\/v2\/users\/16"}],"replies":[{"embeddable":true,"href":"https:\/\/www.almargenweb.com.ar\/web\/wp-json\/wp\/v2\/comments?post=33708"}],"version-history":[{"count":1,"href":"https:\/\/www.almargenweb.com.ar\/web\/wp-json\/wp\/v2\/posts\/33708\/revisions"}],"predecessor-version":[{"id":33712,"href":"https:\/\/www.almargenweb.com.ar\/web\/wp-json\/wp\/v2\/posts\/33708\/revisions\/33712"}],"wp:featuredmedia":[{"embeddable":true,"href":"https:\/\/www.almargenweb.com.ar\/web\/wp-json\/wp\/v2\/media\/33711"}],"wp:attachment":[{"href":"https:\/\/www.almargenweb.com.ar\/web\/wp-json\/wp\/v2\/media?parent=33708"}],"wp:term":[{"taxonomy":"category","embeddable":true,"href":"https:\/\/www.almargenweb.com.ar\/web\/wp-json\/wp\/v2\/categories?post=33708"},{"taxonomy":"post_tag","embeddable":true,"href":"https:\/\/www.almargenweb.com.ar\/web\/wp-json\/wp\/v2\/tags?post=33708"}],"curies":[{"name":"wp","href":"https:\/\/api.w.org\/{rel}","templated":true}]}}