{"id":33675,"date":"2021-02-18T18:27:39","date_gmt":"2021-02-18T21:27:39","guid":{"rendered":"http:\/\/www.almargenweb.com.ar\/web\/?p=33675"},"modified":"2021-02-18T18:27:40","modified_gmt":"2021-02-18T21:27:40","slug":"asperger-saber-integrar-y-empatizar-es-fundamental-para-la-convivencia-con-el-sindrome","status":"publish","type":"post","link":"https:\/\/www.almargenweb.com.ar\/web\/asperger-saber-integrar-y-empatizar-es-fundamental-para-la-convivencia-con-el-sindrome\/","title":{"rendered":"Asperger: saber integrar y empatizar, es fundamental para la convivencia con el s\u00edndrome."},"content":{"rendered":"\n<p>Desde 2007, cada 18 de febrero se celebra el D\u00eda Internacional del S\u00edndrome de Asperger en conmemoraci\u00f3n a la fecha de nacimiento de Hans Asperger (1906-1980), el psiquiatra austr\u00edaco que describi\u00f3 el cuadro,<\/p>\n\n\n\n<p>Es necesario aclarar que, al menos en sus generalidades, el S\u00edndrome de Asperger se trata de una condici\u00f3n del neurodesarrollo que influye en la forma en que \u00e9stas personas dan sentido al mundo, procesan la informaci\u00f3n y se relacionan con los otros.<\/p>\n\n\n\n<figure class=\"wp-block-image size-large\"><img loading=\"lazy\" decoding=\"async\" width=\"544\" height=\"346\" src=\"https:\/\/www.almargenweb.com.ar\/web\/wp-content\/uploads\/2021\/02\/5fa537bc5a753.jpeg\" alt=\"\" class=\"wp-image-33677\" srcset=\"https:\/\/www.almargenweb.com.ar\/web\/wp-content\/uploads\/2021\/02\/5fa537bc5a753.jpeg 544w, https:\/\/www.almargenweb.com.ar\/web\/wp-content\/uploads\/2021\/02\/5fa537bc5a753-300x191.jpeg 300w\" sizes=\"auto, (max-width: 544px) 100vw, 544px\" \/><figcaption>Greta Thunberg, quien padece el S\u00edndrome de Asperger, escribi\u00f3 un articulo en el diario El Pa\u00eds, de Espa\u00f1a, explicando con iron\u00eda como es posible convivir con Asperger.<\/figcaption><\/figure>\n\n\n\n<p>Existen rasgos que pueden considerarse altamente positivos y otros en los que suelen presentar dificultades;<\/p>\n\n\n\n<p>En el primer grupo encontramos las capacidades relacionadas con la inteligencia dura, racional, un\u00edvoca, h\u00edper-l\u00f3gica; y en el segundo, aquellas vinculadas a la inteligencia blanda, emocional, con pluralidad de significados, que cobran mucha importancia a la hora de relacionarse e insertarse en todo tipo de entornos sociales.<\/p>\n\n\n\n<figure class=\"wp-block-image size-large\"><img loading=\"lazy\" decoding=\"async\" width=\"810\" height=\"517\" src=\"https:\/\/www.almargenweb.com.ar\/web\/wp-content\/uploads\/2021\/02\/nino-autismo-e1514289414811-810x517-1.jpg\" alt=\"\" class=\"wp-image-33678\" srcset=\"https:\/\/www.almargenweb.com.ar\/web\/wp-content\/uploads\/2021\/02\/nino-autismo-e1514289414811-810x517-1.jpg 810w, https:\/\/www.almargenweb.com.ar\/web\/wp-content\/uploads\/2021\/02\/nino-autismo-e1514289414811-810x517-1-300x191.jpg 300w, https:\/\/www.almargenweb.com.ar\/web\/wp-content\/uploads\/2021\/02\/nino-autismo-e1514289414811-810x517-1-768x490.jpg 768w\" sizes=\"auto, (max-width: 810px) 100vw, 810px\" \/><figcaption>Este s\u00edndrome es caracterizado por un lenguaje muy precoz, peculiar y avanzado para la edad. Una elevada capacidad intelectual y Una clara dificultad para entender los aspectos b\u00e1sicos de las convenciones sociales: bromas o segundos sentidos.<\/figcaption><\/figure>\n\n\n\n<p>Segun las estadisticas, una de cada sesenta personas est\u00e1 dentro de la condici\u00f3n del espectro autista [entre los que se incluye el Asperger]. <\/p>\n\n\n\n<p>El s\u00edndrome de asperger como tal, no tiene cura. Es un trastorno de origen gen\u00e9tico y principalmente hereditario al igual que el resto de trastornos del neurodesarrollo. <\/p>\n\n\n\n<p>S\u00ed es posible contar con terapia para ayudar a las personas con asperger a aprender a entender muchas de las situaciones que les resultan incomprensibles.<\/p>\n<!-- AddThis Advanced Settings generic via filter on the_content --><!-- AddThis Share Buttons generic via filter on the_content -->","protected":false},"excerpt":{"rendered":"<p>Desde 2007, cada 18 de febrero se celebra el D\u00eda Internacional del S\u00edndrome de Asperger en [&hellip;]<!-- AddThis Advanced Settings generic via filter on get_the_excerpt --><!-- AddThis Share Buttons generic via filter on get_the_excerpt --><\/p>\n","protected":false},"author":16,"featured_media":33679,"comment_status":"open","ping_status":"open","sticky":false,"template":"","format":"standard","meta":{"_seopress_robots_primary_cat":"none","_seopress_titles_title":"","_seopress_titles_desc":"","_seopress_robots_index":"","_themeisle_gutenberg_block_has_review":false,"footnotes":""},"categories":[2,19,15],"tags":[],"class_list":["post-33675","post","type-post","status-publish","format-standard","has-post-thumbnail","hentry","category-actualidad","category-educacion","category-salud"],"_links":{"self":[{"href":"https:\/\/www.almargenweb.com.ar\/web\/wp-json\/wp\/v2\/posts\/33675","targetHints":{"allow":["GET"]}}],"collection":[{"href":"https:\/\/www.almargenweb.com.ar\/web\/wp-json\/wp\/v2\/posts"}],"about":[{"href":"https:\/\/www.almargenweb.com.ar\/web\/wp-json\/wp\/v2\/types\/post"}],"author":[{"embeddable":true,"href":"https:\/\/www.almargenweb.com.ar\/web\/wp-json\/wp\/v2\/users\/16"}],"replies":[{"embeddable":true,"href":"https:\/\/www.almargenweb.com.ar\/web\/wp-json\/wp\/v2\/comments?post=33675"}],"version-history":[{"count":1,"href":"https:\/\/www.almargenweb.com.ar\/web\/wp-json\/wp\/v2\/posts\/33675\/revisions"}],"predecessor-version":[{"id":33680,"href":"https:\/\/www.almargenweb.com.ar\/web\/wp-json\/wp\/v2\/posts\/33675\/revisions\/33680"}],"wp:featuredmedia":[{"embeddable":true,"href":"https:\/\/www.almargenweb.com.ar\/web\/wp-json\/wp\/v2\/media\/33679"}],"wp:attachment":[{"href":"https:\/\/www.almargenweb.com.ar\/web\/wp-json\/wp\/v2\/media?parent=33675"}],"wp:term":[{"taxonomy":"category","embeddable":true,"href":"https:\/\/www.almargenweb.com.ar\/web\/wp-json\/wp\/v2\/categories?post=33675"},{"taxonomy":"post_tag","embeddable":true,"href":"https:\/\/www.almargenweb.com.ar\/web\/wp-json\/wp\/v2\/tags?post=33675"}],"curies":[{"name":"wp","href":"https:\/\/api.w.org\/{rel}","templated":true}]}}