{"id":33650,"date":"2021-02-18T07:39:29","date_gmt":"2021-02-18T10:39:29","guid":{"rendered":"http:\/\/www.almargenweb.com.ar\/web\/?p=33650"},"modified":"2021-02-18T07:39:30","modified_gmt":"2021-02-18T10:39:30","slug":"solicitan-al-gobernador-perotti-que-habilite-el-tratamiento-del-proyecto-de-reduccion-del-impuesto-a-la-patente-automotor","status":"publish","type":"post","link":"https:\/\/www.almargenweb.com.ar\/web\/solicitan-al-gobernador-perotti-que-habilite-el-tratamiento-del-proyecto-de-reduccion-del-impuesto-a-la-patente-automotor\/","title":{"rendered":"Solicitan al Gobernador Perotti que habilite el tratamiento del proyecto de reducci\u00f3n del impuesto a la patente automotor"},"content":{"rendered":"\n<p>El Bloque de Senadores de la Uni\u00f3n C\u00edvica Radical solicit\u00f3 al Gobernador de la Provincia, Omar Perotti, que -tenga a bien-habilitar de manera urgente el tratamiento en sesiones extraordinarias la modificaci\u00f3n del aumento fijado a los valores del Impuesto a la Patente \u00danica sobre Veh\u00edculos, a fin de contrarrestar los excesivos aumentos que se dieron con la \u00faltima liquidaci\u00f3n correspondiente al a\u00f1o 2021.<\/p>\n\n\n\n<p>\u201cEn la sesi\u00f3n de la semana pasada se ingresaron tres proyectos, uno del Bloque de la UCR, otro del Bloque JDP y un tercero del bloque oficial, pero hasta este momento el Propio Poder Ejecutivo incluy\u00f3 este asunto en el temario de sesiones extraordinarias tal como lo indica la Constituci\u00f3n Provincial\u201d, (Art.40, par. 3\u00b0 y Art. 72, inc.14).<\/p>\n\n\n\n<p>\u201cSer\u00eda un desprop\u00f3sito que se siga perdiendo tiempo y se haga sentir el irrazonable impacto del aumento en todos los contribuyentes de la provincia, m\u00e1xime cuando todos coincidimos que es desproporcionado y excesivo. Si el Poder Ejecutivo no habilita el tema en sesiones extraordinarias no se puede tratar con la urgencia que amerita la situaci\u00f3n\u201d, expres\u00f3 el Pte. del Bloque Felipe Michlig.<\/p>\n\n\n\n\n\n<p>La urgencia se profundiza si se tiene en cuenta una incoherencia preocupante por parte del Poder Ejecutivo que por un lado env\u00eda un proyecto de ley para cambiar los montos de liquidaci\u00f3n del impuesto pero al mismo tiempo habilita el pago total anual del impuesto con los montos que tienen los aumentos que se intentan cambiar. Los contribuyentes que paguen el impuesto del a\u00f1o completo en estas condiciones, lejos de obtener un descuento real, van a terminar pagando montos en exceso.<\/p>\n\n\n\n<p><strong>Proyecto Radical<\/strong>;<br>Asimismo, el Senador Michlig record\u00f3 que \u201cla semana pasada presentamos una iniciativa en tal sentido para que se realice un descuento en la liquidaci\u00f3n del impuesto Patente \u00danica sobre Veh\u00edculos correspondiente al a\u00f1o 2021 de modo tal de garantizar que ning\u00fan contribuyente tenga un aumento superior al 40% respecto al a\u00f1o 2020\u201d. Al mismo tiempo se plantea que \u201cel Tesoro Provincial deber\u00e1 compensar a los municipios y comunas el impacto del descuento establecido por la ley propuesta\u201d.<\/p>\n\n\n\n<p>\u201cDurante el \u00faltimo mes de enero los contribuyentes de la Provincia comenzaron a recibir las boletas del impuesto Patente \u00danica sobre Veh\u00edculos, cuyos montos causan sorpresa y preocupaci\u00f3n atento a que se observan aumentos -respecto al a\u00f1o 2020- muy significativos y que no guardan razonabilidad con la evoluci\u00f3n de la materia imponible\u201d, se\u00f1al\u00f3.<\/p>\n\n\n\n<p>La iniciativa aludida fue firmada por los Senadores Felipe Michlig (San Crist\u00f3bal), Rodrigo Borla (San Justo), Orfilio Marc\u00f3n (General Obligado), Germ\u00e1n Giacomino (Constituci\u00f3n) y Lisandro Enrico (General L\u00f3pez).<\/p>\n<!-- AddThis Advanced Settings generic via filter on the_content --><!-- AddThis Share Buttons generic via filter on the_content -->","protected":false},"excerpt":{"rendered":"<p>El Bloque de Senadores de la Uni\u00f3n C\u00edvica Radical solicit\u00f3 al Gobernador de la Provincia, Omar [&hellip;]<!-- AddThis Advanced Settings generic via filter on get_the_excerpt --><!-- AddThis Share Buttons generic via filter on get_the_excerpt --><\/p>\n","protected":false},"author":16,"featured_media":33652,"comment_status":"open","ping_status":"open","sticky":false,"template":"","format":"standard","meta":{"_seopress_robots_primary_cat":"none","_seopress_titles_title":"","_seopress_titles_desc":"","_seopress_robots_index":"","_themeisle_gutenberg_block_has_review":false,"footnotes":""},"categories":[2,286,9],"tags":[],"class_list":["post-33650","post","type-post","status-publish","format-standard","has-post-thumbnail","hentry","category-actualidad","category-legislatura","category-politica"],"_links":{"self":[{"href":"https:\/\/www.almargenweb.com.ar\/web\/wp-json\/wp\/v2\/posts\/33650","targetHints":{"allow":["GET"]}}],"collection":[{"href":"https:\/\/www.almargenweb.com.ar\/web\/wp-json\/wp\/v2\/posts"}],"about":[{"href":"https:\/\/www.almargenweb.com.ar\/web\/wp-json\/wp\/v2\/types\/post"}],"author":[{"embeddable":true,"href":"https:\/\/www.almargenweb.com.ar\/web\/wp-json\/wp\/v2\/users\/16"}],"replies":[{"embeddable":true,"href":"https:\/\/www.almargenweb.com.ar\/web\/wp-json\/wp\/v2\/comments?post=33650"}],"version-history":[{"count":1,"href":"https:\/\/www.almargenweb.com.ar\/web\/wp-json\/wp\/v2\/posts\/33650\/revisions"}],"predecessor-version":[{"id":33653,"href":"https:\/\/www.almargenweb.com.ar\/web\/wp-json\/wp\/v2\/posts\/33650\/revisions\/33653"}],"wp:featuredmedia":[{"embeddable":true,"href":"https:\/\/www.almargenweb.com.ar\/web\/wp-json\/wp\/v2\/media\/33652"}],"wp:attachment":[{"href":"https:\/\/www.almargenweb.com.ar\/web\/wp-json\/wp\/v2\/media?parent=33650"}],"wp:term":[{"taxonomy":"category","embeddable":true,"href":"https:\/\/www.almargenweb.com.ar\/web\/wp-json\/wp\/v2\/categories?post=33650"},{"taxonomy":"post_tag","embeddable":true,"href":"https:\/\/www.almargenweb.com.ar\/web\/wp-json\/wp\/v2\/tags?post=33650"}],"curies":[{"name":"wp","href":"https:\/\/api.w.org\/{rel}","templated":true}]}}