{"id":33632,"date":"2021-02-17T07:57:13","date_gmt":"2021-02-17T10:57:13","guid":{"rendered":"http:\/\/www.almargenweb.com.ar\/web\/?p=33632"},"modified":"2021-02-17T07:57:15","modified_gmt":"2021-02-17T10:57:15","slug":"mas-de-90-mil-alumnos-vuelven-a-clases-presenciales-sin-haber-vacunado-la-totalidad-de-los-docentes","status":"publish","type":"post","link":"https:\/\/www.almargenweb.com.ar\/web\/mas-de-90-mil-alumnos-vuelven-a-clases-presenciales-sin-haber-vacunado-la-totalidad-de-los-docentes\/","title":{"rendered":"M\u00e1s de 90 mil alumnos vuelven a clases presenciales sin haber vacunado la totalidad de los docentes."},"content":{"rendered":"\n<p>En la previa del retorno a clases presenciales, este mi\u00e9rcoles 17 de febrero (para unos 43.000 alumnos de primaria y 50.000 de secundaria, entre orientadas y t\u00e9cnicas), con el objetivo de cerrar los contenidos educativos del a\u00f1o 2020, el gobierno de la provincia, a trav\u00e9s del Ministerio de Educaci\u00f3n, ratific\u00f3 la aplicaci\u00f3n de protocolos sanitarios en las aulas santafesinas.<\/p>\n\n\n\n<p>En ese marco, el subsecretario de Educaci\u00f3n Secundaria, Gregorio Vietto, asegur\u00f3 que la vuelta a la presencialidad es para \u201ccerrar el ciclo lectivo 2020 con los denominados grupos prioritarios; esto es con los s\u00e9ptimos grados para escuelas primarias y quintos a\u00f1os para las escuelas secundarias orientadas y sextos a\u00f1os para las escuelas de ense\u00f1anza t\u00e9cnica\u201d.<\/p>\n\n\n\n<figure class=\"wp-block-image size-large\"><img loading=\"lazy\" decoding=\"async\" width=\"1000\" height=\"600\" src=\"https:\/\/www.almargenweb.com.ar\/web\/wp-content\/uploads\/2021\/02\/interior-of-abandoned-building-256395-1000x600-1.jpg\" alt=\"\" class=\"wp-image-33636\" srcset=\"https:\/\/www.almargenweb.com.ar\/web\/wp-content\/uploads\/2021\/02\/interior-of-abandoned-building-256395-1000x600-1.jpg 1000w, https:\/\/www.almargenweb.com.ar\/web\/wp-content\/uploads\/2021\/02\/interior-of-abandoned-building-256395-1000x600-1-300x180.jpg 300w, https:\/\/www.almargenweb.com.ar\/web\/wp-content\/uploads\/2021\/02\/interior-of-abandoned-building-256395-1000x600-1-768x461.jpg 768w\" sizes=\"auto, (max-width: 1000px) 100vw, 1000px\" \/><figcaption>Desde hoy, las y los estudiantes de 7\u00b0 grado en educaci\u00f3n primaria y de 5\u00b0 y 6\u00b0 a\u00f1o en secundaria y t\u00e9cnica, retornar\u00e1n a las aulas con el objetivo de cerrar contenidos educativos.<\/figcaption><\/figure>\n\n\n\n<p>En esa l\u00ednea, subray\u00f3: \u201cEl dispositivo de afianzamiento de aprendizajes que se dio en el a\u00f1o 2020 se producir\u00e1 desde ma\u00f1ana 17 de febrero hasta el 12 de marzo inclusive, y es importante destacar que en este periodo no va a haber alternancia; el sistema de alternancia ser\u00e1 a partir del 15 de marzo\u201d.<\/p>\n\n\n\n<p>El lunes de la semana pasada comenz\u00f3 la campa\u00f1a de testeo a los docentes y el personal no docente de la ciudad de cara al inicio de clases de este mi\u00e9rcoles.<\/p>\n\n\n\n<p> A todos los que acudieron a alguna de las tres sedes disponibles, les practicaron un test r\u00e1pido de ant\u00edgenos a trav\u00e9s de un hisopado nasal y una prueba serol\u00f3gica para detectar si la persona ya curs\u00f3 la enfermedad. <\/p>\n\n\n\n<p>Para ello, les hicieron un peque\u00f1o pinchazo en la yema del dedo y les tomaron una muestra de sangre.<\/p>\n<!-- AddThis Advanced Settings generic via filter on the_content --><!-- AddThis Share Buttons generic via filter on the_content -->","protected":false},"excerpt":{"rendered":"<p>En la previa del retorno a clases presenciales, este mi\u00e9rcoles 17 de febrero (para unos 43.000 [&hellip;]<!-- AddThis Advanced Settings generic via filter on get_the_excerpt --><!-- AddThis Share Buttons generic via filter on get_the_excerpt --><\/p>\n","protected":false},"author":16,"featured_media":33635,"comment_status":"open","ping_status":"open","sticky":false,"template":"","format":"standard","meta":{"_seopress_robots_primary_cat":"none","_seopress_titles_title":"","_seopress_titles_desc":"","_seopress_robots_index":"","_themeisle_gutenberg_block_has_review":false,"footnotes":""},"categories":[2,19,140,9,15],"tags":[],"class_list":["post-33632","post","type-post","status-publish","format-standard","has-post-thumbnail","hentry","category-actualidad","category-educacion","category-nacionales","category-politica","category-salud"],"_links":{"self":[{"href":"https:\/\/www.almargenweb.com.ar\/web\/wp-json\/wp\/v2\/posts\/33632","targetHints":{"allow":["GET"]}}],"collection":[{"href":"https:\/\/www.almargenweb.com.ar\/web\/wp-json\/wp\/v2\/posts"}],"about":[{"href":"https:\/\/www.almargenweb.com.ar\/web\/wp-json\/wp\/v2\/types\/post"}],"author":[{"embeddable":true,"href":"https:\/\/www.almargenweb.com.ar\/web\/wp-json\/wp\/v2\/users\/16"}],"replies":[{"embeddable":true,"href":"https:\/\/www.almargenweb.com.ar\/web\/wp-json\/wp\/v2\/comments?post=33632"}],"version-history":[{"count":1,"href":"https:\/\/www.almargenweb.com.ar\/web\/wp-json\/wp\/v2\/posts\/33632\/revisions"}],"predecessor-version":[{"id":33637,"href":"https:\/\/www.almargenweb.com.ar\/web\/wp-json\/wp\/v2\/posts\/33632\/revisions\/33637"}],"wp:featuredmedia":[{"embeddable":true,"href":"https:\/\/www.almargenweb.com.ar\/web\/wp-json\/wp\/v2\/media\/33635"}],"wp:attachment":[{"href":"https:\/\/www.almargenweb.com.ar\/web\/wp-json\/wp\/v2\/media?parent=33632"}],"wp:term":[{"taxonomy":"category","embeddable":true,"href":"https:\/\/www.almargenweb.com.ar\/web\/wp-json\/wp\/v2\/categories?post=33632"},{"taxonomy":"post_tag","embeddable":true,"href":"https:\/\/www.almargenweb.com.ar\/web\/wp-json\/wp\/v2\/tags?post=33632"}],"curies":[{"name":"wp","href":"https:\/\/api.w.org\/{rel}","templated":true}]}}