{"id":33615,"date":"2021-02-16T11:16:02","date_gmt":"2021-02-16T14:16:02","guid":{"rendered":"http:\/\/www.almargenweb.com.ar\/web\/?p=33615"},"modified":"2021-02-16T11:16:04","modified_gmt":"2021-02-16T14:16:04","slug":"progreso-tiene-el-primer-cantero-sustentable-un-jardin-de-500-mtrs","status":"publish","type":"post","link":"https:\/\/www.almargenweb.com.ar\/web\/progreso-tiene-el-primer-cantero-sustentable-un-jardin-de-500-mtrs\/","title":{"rendered":"Progreso tiene el primer cantero sustentable, &#8220;un jard\u00edn de 500 mtrs&#8221;"},"content":{"rendered":"\n<p>Siguiendo la tendencia del paisajismo sustentable, el a\u00f1o pasado, con trabajo y paciencia, logramos extender nuestro cantero hasta la entrada de Progreso. \u201cSon casi 500 metros de flores y plantas que dan la bienvenida a quienes ingresan a nuestra localidad y alegran nuestros paseos\u201d, afirmaron desde el Ejecutivo local.<\/p>\n\n\n\n<p>\u201cAs\u00ed lo disfrutamos hoy. Con sus flores de verano. Predominan los cosmos, de flores amarillas, sembrados para completar espacios y dar color en esta estaci\u00f3n. Tambi\u00e9n es momento de plena floraci\u00f3n de las varas de oro, especie nativa muy frecuente en los ambientes naturales de nuestra regi\u00f3n. <\/p>\n\n\n\n<figure class=\"wp-block-image size-large\"><img loading=\"lazy\" decoding=\"async\" width=\"1024\" height=\"680\" src=\"https:\/\/www.almargenweb.com.ar\/web\/wp-content\/uploads\/2021\/02\/356702_segunda_pro.jpg\" alt=\"\" class=\"wp-image-33618\" srcset=\"https:\/\/www.almargenweb.com.ar\/web\/wp-content\/uploads\/2021\/02\/356702_segunda_pro.jpg 1024w, https:\/\/www.almargenweb.com.ar\/web\/wp-content\/uploads\/2021\/02\/356702_segunda_pro-300x199.jpg 300w, https:\/\/www.almargenweb.com.ar\/web\/wp-content\/uploads\/2021\/02\/356702_segunda_pro-768x510.jpg 768w\" sizes=\"auto, (max-width: 1024px) 100vw, 1024px\" \/><figcaption>Una entrada de flores y plantas, con \u00e1rboles y c\u00e9sped, 500 mtrs de un jard\u00edn sustentable. <\/figcaption><\/figure>\n\n\n\n<p>Las gram\u00edneas aportan movimiento y volumen al paisaje, las gauras, sus florcitas blancas et\u00e9reas, mientras el resto de las especies van agregando color y diversidad al conjunto\u201d, puntualizaron autoridades del Vivero Regional de \u00c1rboles Nativos.<\/p>\n\n\n\n<p>En este sentido se\u00f1alaron que el resultado del trabajo conjunto es un cantero de aspecto natural, capaz de sobrevivir a la hostilidad del verano en un entorno de cemento, que nos regala, adem\u00e1s de flores, el revoloteo de mariposas, el trabajo de abejas y muchos otros polinizadores. \u201cPara conocer, valorar y disfrutar\u201d.<\/p>\n\n\n\n<p>Entre las especies se encuentran: Cosmos sulphureus, de flores amarillas (ex\u00f3tica) y Pennisetum setaceum, gram\u00ednea (ex\u00f3tica); Aspecto silvestre y et\u00e9reo de las gauras, especie perenne, ex\u00f3tica; Gomphrena pulchella, especie nativa, frecuente en el espinal; Gaura lindheimeri, de flores blancas, en primera plana (ex\u00f3tica), atr\u00e1s se ven Hemerocallis de flores amarillas (ex\u00f3tica) y las varas de oro (Solidago chilensis), especie nativa y Cosmos sulphureus (ex\u00f3tica), gauras, de flores blancas (ex\u00f3tica) y vara de oro (nativa) entre otras.<\/p>\n\n\n\n<p><\/p>\n<!-- AddThis Advanced Settings generic via filter on the_content --><!-- AddThis Share Buttons generic via filter on the_content -->","protected":false},"excerpt":{"rendered":"<p>Siguiendo la tendencia del paisajismo sustentable, el a\u00f1o pasado, con trabajo y paciencia, logramos extender nuestro [&hellip;]<!-- AddThis Advanced Settings generic via filter on get_the_excerpt --><!-- AddThis Share Buttons generic via filter on get_the_excerpt --><\/p>\n","protected":false},"author":16,"featured_media":33617,"comment_status":"open","ping_status":"open","sticky":false,"template":"","format":"standard","meta":{"_seopress_robots_primary_cat":"none","_seopress_titles_title":"","_seopress_titles_desc":"","_seopress_robots_index":"","_themeisle_gutenberg_block_has_review":false,"footnotes":""},"categories":[2,21,24,9],"tags":[],"class_list":["post-33615","post","type-post","status-publish","format-standard","has-post-thumbnail","hentry","category-actualidad","category-las-colonias","category-obras-publicas","category-politica"],"_links":{"self":[{"href":"https:\/\/www.almargenweb.com.ar\/web\/wp-json\/wp\/v2\/posts\/33615","targetHints":{"allow":["GET"]}}],"collection":[{"href":"https:\/\/www.almargenweb.com.ar\/web\/wp-json\/wp\/v2\/posts"}],"about":[{"href":"https:\/\/www.almargenweb.com.ar\/web\/wp-json\/wp\/v2\/types\/post"}],"author":[{"embeddable":true,"href":"https:\/\/www.almargenweb.com.ar\/web\/wp-json\/wp\/v2\/users\/16"}],"replies":[{"embeddable":true,"href":"https:\/\/www.almargenweb.com.ar\/web\/wp-json\/wp\/v2\/comments?post=33615"}],"version-history":[{"count":1,"href":"https:\/\/www.almargenweb.com.ar\/web\/wp-json\/wp\/v2\/posts\/33615\/revisions"}],"predecessor-version":[{"id":33619,"href":"https:\/\/www.almargenweb.com.ar\/web\/wp-json\/wp\/v2\/posts\/33615\/revisions\/33619"}],"wp:featuredmedia":[{"embeddable":true,"href":"https:\/\/www.almargenweb.com.ar\/web\/wp-json\/wp\/v2\/media\/33617"}],"wp:attachment":[{"href":"https:\/\/www.almargenweb.com.ar\/web\/wp-json\/wp\/v2\/media?parent=33615"}],"wp:term":[{"taxonomy":"category","embeddable":true,"href":"https:\/\/www.almargenweb.com.ar\/web\/wp-json\/wp\/v2\/categories?post=33615"},{"taxonomy":"post_tag","embeddable":true,"href":"https:\/\/www.almargenweb.com.ar\/web\/wp-json\/wp\/v2\/tags?post=33615"}],"curies":[{"name":"wp","href":"https:\/\/api.w.org\/{rel}","templated":true}]}}