{"id":33602,"date":"2021-02-15T18:12:00","date_gmt":"2021-02-15T21:12:00","guid":{"rendered":"http:\/\/www.almargenweb.com.ar\/web\/?p=33602"},"modified":"2021-02-15T16:21:30","modified_gmt":"2021-02-15T19:21:30","slug":"el-carnaval-de-humahuaca-ritos-y-tradicion-de-un-festival-milenario","status":"publish","type":"post","link":"https:\/\/www.almargenweb.com.ar\/web\/el-carnaval-de-humahuaca-ritos-y-tradicion-de-un-festival-milenario\/","title":{"rendered":"El Carnaval de Humahuaca, ritos y tradici\u00f3n de un festival milenario"},"content":{"rendered":"\n<p>Todos los a\u00f1os, 40 d\u00edas antes de Semana Santa, los pueblos de la Quebrada de Humahuaca en Jujuy, combinan la celebraci\u00f3n del Carnaval, introducida hace m\u00e1s 500 a\u00f1os por los espa\u00f1oles durante la conquista de Am\u00e9rica, y cultos de los pueblos originarios de la regi\u00f3n vinculados a la tierra, honrando a la \u201cPachamama\u201d.<\/p>\n\n\n\n<p>Este carnaval es el m\u00e1s antiguo del pa\u00eds y tiene su origen hace aproximadamente cinco siglos. Los pueblos originarios adaptaron las fiestas de carnaval tra\u00eddas por los espa\u00f1oles y le sumaron varios de sus ritos a la Pachamama, creando un carnaval \u00fanico en nuestro pa\u00eds.<\/p>\n\n\n\n<figure class=\"wp-block-image size-large is-resized\"><img loading=\"lazy\" decoding=\"async\" src=\"https:\/\/www.almargenweb.com.ar\/web\/wp-content\/uploads\/2021\/02\/500px-Carnaval_Tilcareno.jpg\" alt=\"\" class=\"wp-image-33606\" width=\"578\" height=\"268\" srcset=\"https:\/\/www.almargenweb.com.ar\/web\/wp-content\/uploads\/2021\/02\/500px-Carnaval_Tilcareno.jpg 500w, https:\/\/www.almargenweb.com.ar\/web\/wp-content\/uploads\/2021\/02\/500px-Carnaval_Tilcareno-300x139.jpg 300w\" sizes=\"auto, (max-width: 578px) 100vw, 578px\" \/><figcaption>Los carnavales son muy t\u00edpicos en varios puntos del planeta y son a la vez grandes captadores de turismo, un sector de la econom\u00eda que sigue agonizando.<\/figcaption><\/figure>\n\n\n\n<p>La celebraci\u00f3n comienza cuando grupos de comparsas llegan al pie de los cerros que rodean los pueblos para desenterrar al \u201cdiablo\u201d, que fue sepultado al finalizar el carnaval pasado. <\/p>\n\n\n\n<p>El diablo es un peque\u00f1o mu\u00f1eco (Pucllay) que simboliza al sol, quien para los locales es el encargado de fecundar a la tierra (la Pachamama).<\/p>\n\n\n\n<figure class=\"wp-block-image size-large\"><img loading=\"lazy\" decoding=\"async\" width=\"490\" height=\"370\" src=\"https:\/\/www.almargenweb.com.ar\/web\/wp-content\/uploads\/2021\/02\/308f86c66b48467a5bb20cf085b57a83.jpg\" alt=\"\" class=\"wp-image-33607\" srcset=\"https:\/\/www.almargenweb.com.ar\/web\/wp-content\/uploads\/2021\/02\/308f86c66b48467a5bb20cf085b57a83.jpg 490w, https:\/\/www.almargenweb.com.ar\/web\/wp-content\/uploads\/2021\/02\/308f86c66b48467a5bb20cf085b57a83-300x227.jpg 300w\" sizes=\"auto, (max-width: 490px) 100vw, 490px\" \/><figcaption>El Carnaval de la Quebrada de Humahuaca en Jujuy, es mundialmente conocido por su colorido despliegue en un contexto natural que lo hace \u00fanico.<\/figcaption><\/figure>\n\n\n\n<p>Una vez desenterrado el diablo, y con fuegos artificiales ruidosos, el descenso de la comparsa (con muchos participantes disfrazados de diablo) hac\u00eda los pueblos bailando al ritmo del carnavalito juje\u00f1o.<\/p>\n\n\n\n<p>Los carnavales son muy t\u00edpicos en varios puntos del planeta y son a la vez grandes captadores de turismo en ciudades como R\u00edo de Janeiro, Nueva Orleans o Venecia.Con  la pandemia tuvieron que reajustar los festejos, al menos presenciales.<\/p>\n<!-- AddThis Advanced Settings generic via filter on the_content --><!-- AddThis Share Buttons generic via filter on the_content -->","protected":false},"excerpt":{"rendered":"<p>Todos los a\u00f1os, 40 d\u00edas antes de Semana Santa, los pueblos de la Quebrada de Humahuaca [&hellip;]<!-- AddThis Advanced Settings generic via filter on get_the_excerpt --><!-- AddThis Share Buttons generic via filter on get_the_excerpt --><\/p>\n","protected":false},"author":16,"featured_media":33605,"comment_status":"open","ping_status":"open","sticky":false,"template":"","format":"standard","meta":{"_seopress_robots_primary_cat":"none","_seopress_titles_title":"","_seopress_titles_desc":"","_seopress_robots_index":"","_themeisle_gutenberg_block_has_review":false,"footnotes":""},"categories":[2,164,3,19],"tags":[],"class_list":["post-33602","post","type-post","status-publish","format-standard","has-post-thumbnail","hentry","category-actualidad","category-ambiente","category-cultura","category-educacion"],"_links":{"self":[{"href":"https:\/\/www.almargenweb.com.ar\/web\/wp-json\/wp\/v2\/posts\/33602","targetHints":{"allow":["GET"]}}],"collection":[{"href":"https:\/\/www.almargenweb.com.ar\/web\/wp-json\/wp\/v2\/posts"}],"about":[{"href":"https:\/\/www.almargenweb.com.ar\/web\/wp-json\/wp\/v2\/types\/post"}],"author":[{"embeddable":true,"href":"https:\/\/www.almargenweb.com.ar\/web\/wp-json\/wp\/v2\/users\/16"}],"replies":[{"embeddable":true,"href":"https:\/\/www.almargenweb.com.ar\/web\/wp-json\/wp\/v2\/comments?post=33602"}],"version-history":[{"count":1,"href":"https:\/\/www.almargenweb.com.ar\/web\/wp-json\/wp\/v2\/posts\/33602\/revisions"}],"predecessor-version":[{"id":33608,"href":"https:\/\/www.almargenweb.com.ar\/web\/wp-json\/wp\/v2\/posts\/33602\/revisions\/33608"}],"wp:featuredmedia":[{"embeddable":true,"href":"https:\/\/www.almargenweb.com.ar\/web\/wp-json\/wp\/v2\/media\/33605"}],"wp:attachment":[{"href":"https:\/\/www.almargenweb.com.ar\/web\/wp-json\/wp\/v2\/media?parent=33602"}],"wp:term":[{"taxonomy":"category","embeddable":true,"href":"https:\/\/www.almargenweb.com.ar\/web\/wp-json\/wp\/v2\/categories?post=33602"},{"taxonomy":"post_tag","embeddable":true,"href":"https:\/\/www.almargenweb.com.ar\/web\/wp-json\/wp\/v2\/tags?post=33602"}],"curies":[{"name":"wp","href":"https:\/\/api.w.org\/{rel}","templated":true}]}}