{"id":33585,"date":"2021-02-15T10:31:00","date_gmt":"2021-02-15T13:31:00","guid":{"rendered":"http:\/\/www.almargenweb.com.ar\/web\/?p=33585"},"modified":"2021-02-15T14:34:50","modified_gmt":"2021-02-15T17:34:50","slug":"reabren-los-hospitales-de-la-facultad-de-ciencias-veterinarias","status":"publish","type":"post","link":"https:\/\/www.almargenweb.com.ar\/web\/reabren-los-hospitales-de-la-facultad-de-ciencias-veterinarias\/","title":{"rendered":"Reabren los Hospitales de la Facultad de Ciencias Veterinarias."},"content":{"rendered":"\n<p>Con una situaci\u00f3n sanitaria estable y con tendencia a mejorar, se firm\u00f3 un acta entre las Universidades y el Ministerio de Salud de Santa Fe que permite hacer actividades presenciales pr\u00e1cticas.<\/p>\n\n\n\n<p>Las practicas hospitalarias, es uno de los tantos servicios a la comunidad que realizan el hospital escuela de la Facultad de Ciencias veterinarias. En este sentido, el 2020 fue un a\u00f1o de &nbsp;reinvenci\u00f3n acad\u00e9mica y la atenci\u00f3n  veterinaria, en el hospital escuela, cerro puertas en detrimento del protocolo sanitario.<\/p>\n\n\n\n<figure class=\"wp-block-image size-large\"><img loading=\"lazy\" decoding=\"async\" width=\"640\" height=\"426\" src=\"https:\/\/www.almargenweb.com.ar\/web\/wp-content\/uploads\/2021\/02\/01_Fachada_Rectorado_UNL_vga.jpg\" alt=\"\" class=\"wp-image-33588\" srcset=\"https:\/\/www.almargenweb.com.ar\/web\/wp-content\/uploads\/2021\/02\/01_Fachada_Rectorado_UNL_vga.jpg 640w, https:\/\/www.almargenweb.com.ar\/web\/wp-content\/uploads\/2021\/02\/01_Fachada_Rectorado_UNL_vga-300x200.jpg 300w\" sizes=\"auto, (max-width: 640px) 100vw, 640px\" \/><figcaption>Todas las facultades dependientes de la Universidad Nacional del Litoral, incrementar\u00e1n la presencia en aulas, durante 2021.<\/figcaption><\/figure>\n\n\n\n<p>Desde febrero retomar\u00e1n actividades pr\u00e1cticas referentes al a\u00f1o 2021, en todas las asignaturas. Esto permite la apertura de los hospitales, con servicio de atenci\u00f3n al p\u00fablico.  El 1 de marzo comenzar\u00e1 el  hospital de Peque\u00f1os Animales, respetando todos los protocolos vigentes tanto a nivel Universidad, como de la Facultad.<\/p>\n\n\n\n<p>Cuandoya.<\/p>\n<!-- AddThis Advanced Settings generic via filter on the_content --><!-- AddThis Share Buttons generic via filter on the_content -->","protected":false},"excerpt":{"rendered":"<p>Con una situaci\u00f3n sanitaria estable y con tendencia a mejorar, se firm\u00f3 un acta entre las [&hellip;]<!-- AddThis Advanced Settings generic via filter on get_the_excerpt --><!-- AddThis Share Buttons generic via filter on get_the_excerpt --><\/p>\n","protected":false},"author":16,"featured_media":33587,"comment_status":"open","ping_status":"open","sticky":false,"template":"","format":"standard","meta":{"_seopress_robots_primary_cat":"none","_seopress_titles_title":"","_seopress_titles_desc":"","_seopress_robots_index":"","_themeisle_gutenberg_block_has_review":false,"footnotes":""},"categories":[2,3,19,47],"tags":[],"class_list":["post-33585","post","type-post","status-publish","format-standard","has-post-thumbnail","hentry","category-actualidad","category-cultura","category-educacion","category-locales"],"_links":{"self":[{"href":"https:\/\/www.almargenweb.com.ar\/web\/wp-json\/wp\/v2\/posts\/33585","targetHints":{"allow":["GET"]}}],"collection":[{"href":"https:\/\/www.almargenweb.com.ar\/web\/wp-json\/wp\/v2\/posts"}],"about":[{"href":"https:\/\/www.almargenweb.com.ar\/web\/wp-json\/wp\/v2\/types\/post"}],"author":[{"embeddable":true,"href":"https:\/\/www.almargenweb.com.ar\/web\/wp-json\/wp\/v2\/users\/16"}],"replies":[{"embeddable":true,"href":"https:\/\/www.almargenweb.com.ar\/web\/wp-json\/wp\/v2\/comments?post=33585"}],"version-history":[{"count":3,"href":"https:\/\/www.almargenweb.com.ar\/web\/wp-json\/wp\/v2\/posts\/33585\/revisions"}],"predecessor-version":[{"id":33601,"href":"https:\/\/www.almargenweb.com.ar\/web\/wp-json\/wp\/v2\/posts\/33585\/revisions\/33601"}],"wp:featuredmedia":[{"embeddable":true,"href":"https:\/\/www.almargenweb.com.ar\/web\/wp-json\/wp\/v2\/media\/33587"}],"wp:attachment":[{"href":"https:\/\/www.almargenweb.com.ar\/web\/wp-json\/wp\/v2\/media?parent=33585"}],"wp:term":[{"taxonomy":"category","embeddable":true,"href":"https:\/\/www.almargenweb.com.ar\/web\/wp-json\/wp\/v2\/categories?post=33585"},{"taxonomy":"post_tag","embeddable":true,"href":"https:\/\/www.almargenweb.com.ar\/web\/wp-json\/wp\/v2\/tags?post=33585"}],"curies":[{"name":"wp","href":"https:\/\/api.w.org\/{rel}","templated":true}]}}