{"id":33529,"date":"2021-02-11T10:45:19","date_gmt":"2021-02-11T13:45:19","guid":{"rendered":"http:\/\/www.almargenweb.com.ar\/web\/?p=33529"},"modified":"2021-02-11T10:45:21","modified_gmt":"2021-02-11T13:45:21","slug":"el-bloque-de-senadores-de-la-ucr-valoro-la-reglamentacion-de-beneficios-impositivos-para-sectores-productivos","status":"publish","type":"post","link":"https:\/\/www.almargenweb.com.ar\/web\/el-bloque-de-senadores-de-la-ucr-valoro-la-reglamentacion-de-beneficios-impositivos-para-sectores-productivos\/","title":{"rendered":"El Bloque de Senadores de la UCR valor\u00f3 la reglamentaci\u00f3n de beneficios impositivos para sectores productivos"},"content":{"rendered":"\n<p>Desde el Bloque de Senadores de la UCR de la Provincia de Santa Fe, se inform\u00f3 que la Administraci\u00f3n Provincial de Impuestos, a trav\u00e9s de Resoluci\u00f3n 10\/2021 reglament\u00f3 e hizo operativos los beneficios previstos en la Ley Tributaria Provincial N\u00b0 Ley 14.025, para sectores afectados por la pandemia, sancionada en el \u00faltimo mes de diciembre, a partir de una iniciativa del Senador Felipe Michlig, Pte. del mencionado Bloque y suscripta por todos sus integrantes.<\/p>\n\n\n\n<p>La norma prev\u00e9 desde el art\u00edculo 41 al 46 beneficios para los sectores afectados por la pandemia COVID 19, que se traducen en los siguientes puntos:<\/p>\n\n\n\n<figure class=\"wp-block-image size-large is-resized\"><img loading=\"lazy\" decoding=\"async\" src=\"https:\/\/www.almargenweb.com.ar\/web\/wp-content\/uploads\/2021\/02\/felipe-bloque.jpg\" alt=\"\" class=\"wp-image-33533\" width=\"580\" height=\"348\" srcset=\"https:\/\/www.almargenweb.com.ar\/web\/wp-content\/uploads\/2021\/02\/felipe-bloque.jpg 870w, https:\/\/www.almargenweb.com.ar\/web\/wp-content\/uploads\/2021\/02\/felipe-bloque-300x180.jpg 300w, https:\/\/www.almargenweb.com.ar\/web\/wp-content\/uploads\/2021\/02\/felipe-bloque-768x461.jpg 768w\" sizes=\"auto, (max-width: 580px) 100vw, 580px\" \/><figcaption>El Senador y jefe del Bloque Radical, Felipe Michling, manifest\u00f3 que con la &#8221; Ley 14.025 que sancionamos en diciembre, logramos que se hagan operativos los beneficios para sectores productivos afectados por la pandemia, luego de un arduo trabajo legislativo&#8221;<\/figcaption><\/figure>\n\n\n\n<p>A) Generales<\/p>\n\n\n\n<p>\u2022 Exenci\u00f3n durante 7 meses (9\/2020, 10\/2020, 11\/2020, 12\/2020, 1\/2021, 2\/2021 y 3\/2021) del impuesto sobre los ingresos brutos a los peque\u00f1os contribuyentes comprendidos en el R\u00e9gimen Simplificado.<\/p>\n\n\n\n<p>\u2022 Exenci\u00f3n del Impuesto de Sellos por los contratos de pr\u00e9stamo y alquileres suscriptos entre septiembre de 2020 y marzo de 2021<\/p>\n\n\n\n<p>B) Beneficios adicionales para las actividades m\u00e1s afectadas.<\/p>\n\n\n\n<p>\u2022 Exenci\u00f3n durante 7 meses (9\/2020, 10\/2020, 11\/2020, 12\/2020, 1\/2021, 2\/2021 y 3\/2021) del impuesto sobre los ingresos brutos.<\/p>\n\n\n\n<p>\u2022 Exenci\u00f3n de 7 cuotas del impuesto inmobiliario (cuotas 2 a 6 del a\u00f1o 2020 y cuotas 1 y 2 del a\u00f1o 2021) cuando los inmuebles sean afectados a explotaciones de los sectores antes mencionados y por los mismos tributen impuesto sobre los ingresos brutos.<\/p>\n\n\n\n<figure class=\"wp-block-image size-large\"><img loading=\"lazy\" decoding=\"async\" width=\"1004\" height=\"565\" src=\"https:\/\/www.almargenweb.com.ar\/web\/wp-content\/uploads\/2021\/02\/5f4af4ec63b15_1004x565.jpg\" alt=\"\" class=\"wp-image-33532\" srcset=\"https:\/\/www.almargenweb.com.ar\/web\/wp-content\/uploads\/2021\/02\/5f4af4ec63b15_1004x565.jpg 1004w, https:\/\/www.almargenweb.com.ar\/web\/wp-content\/uploads\/2021\/02\/5f4af4ec63b15_1004x565-300x169.jpg 300w, https:\/\/www.almargenweb.com.ar\/web\/wp-content\/uploads\/2021\/02\/5f4af4ec63b15_1004x565-768x432.jpg 768w\" sizes=\"auto, (max-width: 1004px) 100vw, 1004px\" \/><figcaption>Bares, restaurantes, servicios de alojamiento, son algunos de los sectores comerciales beneficiarios de este proyecto. Actividades que fueron muy castigadas durante el 2020.<\/figcaption><\/figure>\n\n\n\n<p><strong>Cuales son los sectores afectados y que actividades est\u00e1n comprendidas?<\/strong><\/p>\n\n\n\n<p>Bares, restaurantes, servicios de alojamiento, hoteler\u00eda, residenciales, campings; servicios de agencias de viaje y turismo; servicios de transporte automotor de pasajeros para el turismo, de excursiones; servicios profesionales y personales vinculados al turismo; servicios de explotaci\u00f3n de playas y parques recreativos; venta al por menor de art\u00edculos o artesan\u00edas regionales; servicios vinculados a la organizaci\u00f3n de ferias, congresos, convenciones o exposiciones; servicios para eventos infantiles; organizaci\u00f3n de eventos, servicios de soporte y alquiler de equipos, enseres y sonido para eventos, alquiler temporario de locales para eventos; servicios de peloteros; alquiler de canchas para pr\u00e1ctica de deportes, jardines maternales, servicios de salones de baile y discotecas y peluquer\u00edas.<\/p>\n\n\n\n<p>Al respecto, el Pte. del Bloque de la UCR, Felipe Michlig record\u00f3 que \u201cla incorporaci\u00f3n de estos beneficios en el marco de la Ley 14.025 fue fruto de un proceso de construcci\u00f3n de consensos entre todos los bloques de la C\u00e1mara de Senadores y de Diputados para tener la mejor Ley posible. Por ello celebramos que se est\u00e9 dando curso pr\u00e1ctico desde la autoridad administrativa para ayudar a todos los sectores productivos de la provincia afectados por la pandemia\u201d.<\/p>\n<!-- AddThis Advanced Settings generic via filter on the_content --><!-- AddThis Share Buttons generic via filter on the_content -->","protected":false},"excerpt":{"rendered":"<p>Desde el Bloque de Senadores de la UCR de la Provincia de Santa Fe, se inform\u00f3 [&hellip;]<!-- AddThis Advanced Settings generic via filter on get_the_excerpt --><!-- AddThis Share Buttons generic via filter on get_the_excerpt --><\/p>\n","protected":false},"author":16,"featured_media":33531,"comment_status":"open","ping_status":"open","sticky":false,"template":"","format":"standard","meta":{"_seopress_robots_primary_cat":"none","_seopress_titles_title":"","_seopress_titles_desc":"","_seopress_robots_index":"","_themeisle_gutenberg_block_has_review":false,"footnotes":""},"categories":[2,21,286,24,9],"tags":[],"class_list":["post-33529","post","type-post","status-publish","format-standard","has-post-thumbnail","hentry","category-actualidad","category-las-colonias","category-legislatura","category-obras-publicas","category-politica"],"_links":{"self":[{"href":"https:\/\/www.almargenweb.com.ar\/web\/wp-json\/wp\/v2\/posts\/33529","targetHints":{"allow":["GET"]}}],"collection":[{"href":"https:\/\/www.almargenweb.com.ar\/web\/wp-json\/wp\/v2\/posts"}],"about":[{"href":"https:\/\/www.almargenweb.com.ar\/web\/wp-json\/wp\/v2\/types\/post"}],"author":[{"embeddable":true,"href":"https:\/\/www.almargenweb.com.ar\/web\/wp-json\/wp\/v2\/users\/16"}],"replies":[{"embeddable":true,"href":"https:\/\/www.almargenweb.com.ar\/web\/wp-json\/wp\/v2\/comments?post=33529"}],"version-history":[{"count":1,"href":"https:\/\/www.almargenweb.com.ar\/web\/wp-json\/wp\/v2\/posts\/33529\/revisions"}],"predecessor-version":[{"id":33534,"href":"https:\/\/www.almargenweb.com.ar\/web\/wp-json\/wp\/v2\/posts\/33529\/revisions\/33534"}],"wp:featuredmedia":[{"embeddable":true,"href":"https:\/\/www.almargenweb.com.ar\/web\/wp-json\/wp\/v2\/media\/33531"}],"wp:attachment":[{"href":"https:\/\/www.almargenweb.com.ar\/web\/wp-json\/wp\/v2\/media?parent=33529"}],"wp:term":[{"taxonomy":"category","embeddable":true,"href":"https:\/\/www.almargenweb.com.ar\/web\/wp-json\/wp\/v2\/categories?post=33529"},{"taxonomy":"post_tag","embeddable":true,"href":"https:\/\/www.almargenweb.com.ar\/web\/wp-json\/wp\/v2\/tags?post=33529"}],"curies":[{"name":"wp","href":"https:\/\/api.w.org\/{rel}","templated":true}]}}