{"id":33524,"date":"2021-02-14T09:11:00","date_gmt":"2021-02-14T12:11:00","guid":{"rendered":"http:\/\/www.almargenweb.com.ar\/web\/?p=33524"},"modified":"2021-02-11T10:19:18","modified_gmt":"2021-02-11T13:19:18","slug":"quien-fue-realmente-el-sargento-cabral","status":"publish","type":"post","link":"https:\/\/www.almargenweb.com.ar\/web\/quien-fue-realmente-el-sargento-cabral\/","title":{"rendered":"\u00bfQui\u00e9n fue realmente el Sargento Cabral?"},"content":{"rendered":"\n<p>Juan Bautista Cabral es conocido por salvarle la vida a Jose de Mart\u00edn durante  la batalla librada en las costas del Parana, a metros del monasterio de San Lorenzo.  En s\u00f3lo 15 minutos, San Martin, inclin\u00f3 la lucha a su favor.<\/p>\n\n\n\n<p> Pero una descarga de fusiler\u00eda derrib\u00f3 a su caballo. Lo que sigue es muy conocido. El animal en su ca\u00edda apret\u00f3 la pierna de San Mart\u00edn, que se encontraba a pocos metros de los espa\u00f1oles. Se desarroll\u00f3 de inmediato un breve combate de arma blanca alrededor de San Mart\u00edn, que no pod\u00eda incorporarse. Su propio caballo se lo imped\u00eda.<\/p>\n\n\n\n<figure class=\"wp-block-image size-large\"><img loading=\"lazy\" decoding=\"async\" width=\"1024\" height=\"692\" src=\"https:\/\/www.almargenweb.com.ar\/web\/wp-content\/uploads\/2021\/02\/RescateCabralSanMartin5-1024x692.jpg\" alt=\"\" class=\"wp-image-33526\" srcset=\"https:\/\/www.almargenweb.com.ar\/web\/wp-content\/uploads\/2021\/02\/RescateCabralSanMartin5-1024x692.jpg 1024w, https:\/\/www.almargenweb.com.ar\/web\/wp-content\/uploads\/2021\/02\/RescateCabralSanMartin5-300x203.jpg 300w, https:\/\/www.almargenweb.com.ar\/web\/wp-content\/uploads\/2021\/02\/RescateCabralSanMartin5-768x519.jpg 768w, https:\/\/www.almargenweb.com.ar\/web\/wp-content\/uploads\/2021\/02\/RescateCabralSanMartin5.jpg 1200w\" sizes=\"auto, (max-width: 1024px) 100vw, 1024px\" \/><figcaption>Este homenaje, en la puerta del Regimiento de Granaderos a Caballo, muestra la importante ayuda de vida que hace Cabral. El destino del pa\u00eds seria otro, sin el acto heroico de este soldado heroico. <\/figcaption><\/figure>\n\n\n\n<p>Era zambo. Hijo de una esclava negra y un indio guaran\u00ed. Analfabeto, como casi todos en aquel tiempo, seguramente su idioma materno era el guaran\u00ed.<\/p>\n\n\n\n<p>Agoniz\u00f3 cerca de tres horas, ya herido de bala en la rodilla, saco a su jefe del caballo muerto que le oprim\u00eda la pierna. Lo logr\u00f3, pero recibi\u00f3 en ese momento dos heridas, que lo dejaron moribundo. para morir finalmente sobre una de las mesas del comedor de los curas del convento.<\/p>\n\n\n\n<p>Aunque dicen que no era muy buen jinete, Cabral fue un saldado Heroico, como reza la &#8220;Marcha de San Lorenzo&#8221;. <\/p>\n\n\n\n<p>As\u00ed fue que Juan Bautista Cabral yac\u00eda en la mesada del gran sal\u00f3n, en el Convento de San Lorenzo, junto a los monjes que le hac\u00edan las curaciones pertinentes, cuando con su ultimo suspiro de vida dijo; &#8220;Muero contento. Hemos batido al enemigo&#8221;.<\/p>\n\n\n\n<p>Cuandoya.<\/p>\n<!-- AddThis Advanced Settings generic via filter on the_content --><!-- AddThis Share Buttons generic via filter on the_content -->","protected":false},"excerpt":{"rendered":"<p>Juan Bautista Cabral es conocido por salvarle la vida a Jose de Mart\u00edn durante la batalla [&hellip;]<!-- AddThis Advanced Settings generic via filter on get_the_excerpt --><!-- AddThis Share Buttons generic via filter on get_the_excerpt --><\/p>\n","protected":false},"author":16,"featured_media":33527,"comment_status":"open","ping_status":"open","sticky":false,"template":"","format":"standard","meta":{"_seopress_robots_primary_cat":"none","_seopress_titles_title":"","_seopress_titles_desc":"","_seopress_robots_index":"","_themeisle_gutenberg_block_has_review":false,"footnotes":""},"categories":[2,3,19,140],"tags":[],"class_list":["post-33524","post","type-post","status-publish","format-standard","has-post-thumbnail","hentry","category-actualidad","category-cultura","category-educacion","category-nacionales"],"_links":{"self":[{"href":"https:\/\/www.almargenweb.com.ar\/web\/wp-json\/wp\/v2\/posts\/33524","targetHints":{"allow":["GET"]}}],"collection":[{"href":"https:\/\/www.almargenweb.com.ar\/web\/wp-json\/wp\/v2\/posts"}],"about":[{"href":"https:\/\/www.almargenweb.com.ar\/web\/wp-json\/wp\/v2\/types\/post"}],"author":[{"embeddable":true,"href":"https:\/\/www.almargenweb.com.ar\/web\/wp-json\/wp\/v2\/users\/16"}],"replies":[{"embeddable":true,"href":"https:\/\/www.almargenweb.com.ar\/web\/wp-json\/wp\/v2\/comments?post=33524"}],"version-history":[{"count":1,"href":"https:\/\/www.almargenweb.com.ar\/web\/wp-json\/wp\/v2\/posts\/33524\/revisions"}],"predecessor-version":[{"id":33528,"href":"https:\/\/www.almargenweb.com.ar\/web\/wp-json\/wp\/v2\/posts\/33524\/revisions\/33528"}],"wp:featuredmedia":[{"embeddable":true,"href":"https:\/\/www.almargenweb.com.ar\/web\/wp-json\/wp\/v2\/media\/33527"}],"wp:attachment":[{"href":"https:\/\/www.almargenweb.com.ar\/web\/wp-json\/wp\/v2\/media?parent=33524"}],"wp:term":[{"taxonomy":"category","embeddable":true,"href":"https:\/\/www.almargenweb.com.ar\/web\/wp-json\/wp\/v2\/categories?post=33524"},{"taxonomy":"post_tag","embeddable":true,"href":"https:\/\/www.almargenweb.com.ar\/web\/wp-json\/wp\/v2\/tags?post=33524"}],"curies":[{"name":"wp","href":"https:\/\/api.w.org\/{rel}","templated":true}]}}