{"id":33454,"date":"2021-02-09T12:53:04","date_gmt":"2021-02-09T15:53:04","guid":{"rendered":"http:\/\/www.almargenweb.com.ar\/web\/?p=33454"},"modified":"2021-02-09T12:53:05","modified_gmt":"2021-02-09T15:53:05","slug":"jimena-senn-solicito-al-ejecutivo-que-inicie-la-obra-de-la-escuela-gregoria-matorras-de-esperanza","status":"publish","type":"post","link":"https:\/\/www.almargenweb.com.ar\/web\/jimena-senn-solicito-al-ejecutivo-que-inicie-la-obra-de-la-escuela-gregoria-matorras-de-esperanza\/","title":{"rendered":"Jimena Senn solicit\u00f3 al Ejecutivo que inicie la obra de la escuela \u201cGregoria Matorras\u201d de Esperanza"},"content":{"rendered":"\n<p>La diputada Jimena Senn a trav\u00e9s de un proyecto de comunicaci\u00f3n le solicita al Gobierno Provincial que informe el estado y comience la obra de la licitaci\u00f3n p\u00fablica 1\/19 de la Escuela T\u00e9cnica n\u00ba 644 \u201cGregoria Matorras\u201d de la ciudad de Esperanza, la cual se realiz\u00f3 el d\u00eda 17 de Diciembre de 2019.<\/p>\n\n\n\n<p>En el a\u00f1o 2018, la Escuela T\u00e9cnica N\u00ba 644 \u201cGregoria Matorras\u201d de la ciudad de Esperanza ha sufrido el abandono de su obra de ampliaci\u00f3n y refacci\u00f3n por parte de la empresa que oportunamente hab\u00eda ganado la licitaci\u00f3n. En diciembre de ese mismo a\u00f1o la provincia rescindi\u00f3 dicho contrato por el incumplimiento por parte de la empresa.<\/p>\n\n\n\n<p>En el a\u00f1o 2019 Docentes y alumnos de la Escuela, junto al Centro de estudiantes de la Instituci\u00f3n y miembros de cooperadora protagonizaron un acto que permiti\u00f3 visibilizar la realidad edilicia que ven\u00edan sobrellevando.<\/p>\n\n\n\n<p>En octubre de ese mismo a\u00f1o, ejecutivos del INET (Instituto Nacional de Educaci\u00f3n T\u00e9cnica dependiente del Ministerio de Educaci\u00f3n, Cultura, Ciencia y Tecnolog\u00eda de la Naci\u00f3n) confirman, a las autoridades del centro educativo, la aprobaci\u00f3n de los nuevos pliegos de obra y su monto, ascendiendo aproximadamente a la suma de $ 28.000.000.<\/p>\n\n\n\n<p>Finalmente, el 17 de diciembre 2019, se procede a la apertura de los sobres de licitaci\u00f3n para retomar la tan anhelada obra, fueron 9 los oferentes que presentaron sus correspondientes pliegos, pero, desde ese momento la comunidad educativa sigue esperando respuestas sobre qui\u00e9n fue el adjudicatario y porque no se comenzaron las obras tal como estaba previsto.<\/p>\n\n\n\n<p>\u201cEl Gobernador de la Provincia, Omar Perotti, no puede seguir mirando para el costado, hace pocos d\u00edas atr\u00e1s anunciaron el inicio del ciclo lectivo 2021. Hoy los docentes y alumnos de la escuela \u201cGregoria Matorras\u201d no cuentan con un edificio en condiciones, durante todo el a\u00f1o 2020 las escuelas se encontraron cerradas y la obra p\u00fablica era una actividad excluida al aislamiento. Es lamentable ver c\u00f3mo el gobierno desperdicio todo un a\u00f1o para realizar las obras correspondientes\u201d.<\/p>\n\n\n\n<p>\u201cEl ciclo lectivo 2021 est\u00e1 por comenzar y lamentablemente la obra sigue en el mismo estado que qued\u00f3 all\u00e1 por el a\u00f1o 2018\u201d Expres\u00f3 Jimena Senn.<\/p>\n<!-- AddThis Advanced Settings generic via filter on the_content --><!-- AddThis Share Buttons generic via filter on the_content -->","protected":false},"excerpt":{"rendered":"<p>La diputada Jimena Senn a trav\u00e9s de un proyecto de comunicaci\u00f3n le solicita al Gobierno Provincial [&hellip;]<!-- AddThis Advanced Settings generic via filter on get_the_excerpt --><!-- AddThis Share Buttons generic via filter on get_the_excerpt --><\/p>\n","protected":false},"author":16,"featured_media":33456,"comment_status":"open","ping_status":"open","sticky":false,"template":"","format":"standard","meta":{"_seopress_robots_primary_cat":"none","_seopress_titles_title":"","_seopress_titles_desc":"","_seopress_robots_index":"","_themeisle_gutenberg_block_has_review":false,"footnotes":""},"categories":[2,20,19,21,9],"tags":[],"class_list":["post-33454","post","type-post","status-publish","format-standard","has-post-thumbnail","hentry","category-actualidad","category-departamentales","category-educacion","category-las-colonias","category-politica"],"_links":{"self":[{"href":"https:\/\/www.almargenweb.com.ar\/web\/wp-json\/wp\/v2\/posts\/33454","targetHints":{"allow":["GET"]}}],"collection":[{"href":"https:\/\/www.almargenweb.com.ar\/web\/wp-json\/wp\/v2\/posts"}],"about":[{"href":"https:\/\/www.almargenweb.com.ar\/web\/wp-json\/wp\/v2\/types\/post"}],"author":[{"embeddable":true,"href":"https:\/\/www.almargenweb.com.ar\/web\/wp-json\/wp\/v2\/users\/16"}],"replies":[{"embeddable":true,"href":"https:\/\/www.almargenweb.com.ar\/web\/wp-json\/wp\/v2\/comments?post=33454"}],"version-history":[{"count":1,"href":"https:\/\/www.almargenweb.com.ar\/web\/wp-json\/wp\/v2\/posts\/33454\/revisions"}],"predecessor-version":[{"id":33457,"href":"https:\/\/www.almargenweb.com.ar\/web\/wp-json\/wp\/v2\/posts\/33454\/revisions\/33457"}],"wp:featuredmedia":[{"embeddable":true,"href":"https:\/\/www.almargenweb.com.ar\/web\/wp-json\/wp\/v2\/media\/33456"}],"wp:attachment":[{"href":"https:\/\/www.almargenweb.com.ar\/web\/wp-json\/wp\/v2\/media?parent=33454"}],"wp:term":[{"taxonomy":"category","embeddable":true,"href":"https:\/\/www.almargenweb.com.ar\/web\/wp-json\/wp\/v2\/categories?post=33454"},{"taxonomy":"post_tag","embeddable":true,"href":"https:\/\/www.almargenweb.com.ar\/web\/wp-json\/wp\/v2\/tags?post=33454"}],"curies":[{"name":"wp","href":"https:\/\/api.w.org\/{rel}","templated":true}]}}