{"id":33448,"date":"2021-02-09T10:57:40","date_gmt":"2021-02-09T13:57:40","guid":{"rendered":"http:\/\/www.almargenweb.com.ar\/web\/?p=33448"},"modified":"2021-02-09T10:57:41","modified_gmt":"2021-02-09T13:57:41","slug":"autorizaron-la-apertura-de-actividades-universitarias-presenciales","status":"publish","type":"post","link":"https:\/\/www.almargenweb.com.ar\/web\/autorizaron-la-apertura-de-actividades-universitarias-presenciales\/","title":{"rendered":"Autorizaron la apertura de actividades universitarias presenciales"},"content":{"rendered":"\n<p>Con el objetivo de retornar paulatinamente a la modalidad de trabajo presencial, la provincia de Santa Fe autoriz\u00f3 la apertura de actividades en instituciones de educaci\u00f3n superior p\u00fablicas y privadas.<\/p>\n\n\n\n<p>La autorizaci\u00f3n incluye el desarrollo de actividades presenciales de investigaci\u00f3n, de acceso a talleres, laboratorios y\/o trabajos de campo, actividades de transferencia, pr\u00e1cticas de laboratorio y pr\u00e1cticas supervisadas, actividades administrativas, actividades de mantenimiento y limpieza para cumplir con las condiciones de seguridad e higiene necesarias para llevar a cabo las mencionadas actividades.<\/p>\n\n\n\n<figure class=\"wp-block-image size-large\"><img loading=\"lazy\" decoding=\"async\" width=\"1024\" height=\"680\" src=\"https:\/\/www.almargenweb.com.ar\/web\/wp-content\/uploads\/2021\/02\/267653_unl.jpg\" alt=\"\" class=\"wp-image-33451\" srcset=\"https:\/\/www.almargenweb.com.ar\/web\/wp-content\/uploads\/2021\/02\/267653_unl.jpg 1024w, https:\/\/www.almargenweb.com.ar\/web\/wp-content\/uploads\/2021\/02\/267653_unl-300x199.jpg 300w, https:\/\/www.almargenweb.com.ar\/web\/wp-content\/uploads\/2021\/02\/267653_unl-768x510.jpg 768w\" sizes=\"auto, (max-width: 1024px) 100vw, 1024px\" \/><figcaption>A trav\u00e9s de los Ministerios de Trabajo y de Salud, se firmaron acuerdos con autoridades de instituciones educativas p\u00fablicas y privadas.<\/figcaption><\/figure>\n\n\n\n<p> La autorizaci\u00f3n comprende las actividades mencionadas que se realicen tanto en los domicilios de las universidades, facultades y sus sedes como as\u00ed tambi\u00e9n las que se desarrollan en otras dependencias.<\/p>\n\n\n\n<p>Cabe aclarar que estas medidas podr\u00e1n quedar sin efecto en caso que el Poder Ejecutivo provincial modifique la normativa vigente, conforme al desarrollo de la situaci\u00f3n epidemiol\u00f3gica.<\/p>\n<!-- AddThis Advanced Settings generic via filter on the_content --><!-- AddThis Share Buttons generic via filter on the_content -->","protected":false},"excerpt":{"rendered":"<p>Con el objetivo de retornar paulatinamente a la modalidad de trabajo presencial, la provincia de Santa [&hellip;]<!-- AddThis Advanced Settings generic via filter on get_the_excerpt --><!-- AddThis Share Buttons generic via filter on get_the_excerpt --><\/p>\n","protected":false},"author":16,"featured_media":33450,"comment_status":"open","ping_status":"open","sticky":false,"template":"","format":"standard","meta":{"_seopress_robots_primary_cat":"none","_seopress_titles_title":"","_seopress_titles_desc":"","_seopress_robots_index":"","_themeisle_gutenberg_block_has_review":false,"footnotes":""},"categories":[2,3,47,140],"tags":[],"class_list":["post-33448","post","type-post","status-publish","format-standard","has-post-thumbnail","hentry","category-actualidad","category-cultura","category-locales","category-nacionales"],"_links":{"self":[{"href":"https:\/\/www.almargenweb.com.ar\/web\/wp-json\/wp\/v2\/posts\/33448","targetHints":{"allow":["GET"]}}],"collection":[{"href":"https:\/\/www.almargenweb.com.ar\/web\/wp-json\/wp\/v2\/posts"}],"about":[{"href":"https:\/\/www.almargenweb.com.ar\/web\/wp-json\/wp\/v2\/types\/post"}],"author":[{"embeddable":true,"href":"https:\/\/www.almargenweb.com.ar\/web\/wp-json\/wp\/v2\/users\/16"}],"replies":[{"embeddable":true,"href":"https:\/\/www.almargenweb.com.ar\/web\/wp-json\/wp\/v2\/comments?post=33448"}],"version-history":[{"count":1,"href":"https:\/\/www.almargenweb.com.ar\/web\/wp-json\/wp\/v2\/posts\/33448\/revisions"}],"predecessor-version":[{"id":33452,"href":"https:\/\/www.almargenweb.com.ar\/web\/wp-json\/wp\/v2\/posts\/33448\/revisions\/33452"}],"wp:featuredmedia":[{"embeddable":true,"href":"https:\/\/www.almargenweb.com.ar\/web\/wp-json\/wp\/v2\/media\/33450"}],"wp:attachment":[{"href":"https:\/\/www.almargenweb.com.ar\/web\/wp-json\/wp\/v2\/media?parent=33448"}],"wp:term":[{"taxonomy":"category","embeddable":true,"href":"https:\/\/www.almargenweb.com.ar\/web\/wp-json\/wp\/v2\/categories?post=33448"},{"taxonomy":"post_tag","embeddable":true,"href":"https:\/\/www.almargenweb.com.ar\/web\/wp-json\/wp\/v2\/tags?post=33448"}],"curies":[{"name":"wp","href":"https:\/\/api.w.org\/{rel}","templated":true}]}}