{"id":33443,"date":"2021-02-09T10:24:23","date_gmt":"2021-02-09T13:24:23","guid":{"rendered":"http:\/\/www.almargenweb.com.ar\/web\/?p=33443"},"modified":"2021-02-09T10:24:25","modified_gmt":"2021-02-09T13:24:25","slug":"mujeres-y-de-menor-nivel-educativo-la-poblacion-menos-vacunada-de-2020","status":"publish","type":"post","link":"https:\/\/www.almargenweb.com.ar\/web\/mujeres-y-de-menor-nivel-educativo-la-poblacion-menos-vacunada-de-2020\/","title":{"rendered":"Mujeres y de menor nivel educativo, la poblaci\u00f3n menos vacunada de 2020"},"content":{"rendered":"\n<p>La llegada de la pandemia por el nuevo coronavirus trastoc\u00f3 todas las estad\u00edsticas sanitarias durante el 2020, pero en la Argentina hubo un dato que llama la atenci\u00f3n: la cobertura de vacunaci\u00f3n disminuy\u00f3 un 48% con respecto del a\u00f1o anterior, mayormente en mujeres que hombres y en las personas de menor nivel educativo.<\/p>\n\n\n\n<p>As\u00ed lo revel\u00f3 el informe \u00cdndice de Confianza y Acceso a Vacunas (ICAV) elaborado por la Fundaci\u00f3n Bunge y Born. El estudio abarca el per\u00edodo que va desde el 19 de octubre hasta el 30 de diciembre de 2020, y fue realizado por medio de una encuesta telef\u00f3nica a 7525 personas mayores de 15 a\u00f1os.<\/p>\n\n\n\n<figure class=\"wp-block-image size-large\"><img loading=\"lazy\" decoding=\"async\" width=\"1024\" height=\"589\" src=\"https:\/\/www.almargenweb.com.ar\/web\/wp-content\/uploads\/2021\/02\/historia-de-la-estadistica-4-1-1024x589.jpg\" alt=\"\" class=\"wp-image-33446\" srcset=\"https:\/\/www.almargenweb.com.ar\/web\/wp-content\/uploads\/2021\/02\/historia-de-la-estadistica-4-1-1024x589.jpg 1024w, https:\/\/www.almargenweb.com.ar\/web\/wp-content\/uploads\/2021\/02\/historia-de-la-estadistica-4-1-300x173.jpg 300w, https:\/\/www.almargenweb.com.ar\/web\/wp-content\/uploads\/2021\/02\/historia-de-la-estadistica-4-1-768x442.jpg 768w, https:\/\/www.almargenweb.com.ar\/web\/wp-content\/uploads\/2021\/02\/historia-de-la-estadistica-4-1.jpg 1200w\" sizes=\"auto, (max-width: 1024px) 100vw, 1024px\" \/><figcaption><br>La estad\u00edstica surge del \u00cdndice de Confianza y Acceso a Vacunas elaborado por la Fundaci\u00f3n Bunge y Born. La cobertura total durante el a\u00f1o que pas\u00f3 fue de solo 39,5, un 48% menor que 2019.<br><\/figcaption><\/figure>\n\n\n\n<p>Si bien se\u00f1alaron que la variaci\u00f3n es atribuible en gran medida al contexto actual, donde pueden registrarse subregistros debido a demoras en las cargas, advirtieron que es una estad\u00edstica a tener en cuenta para las pol\u00edticas p\u00fablicas de prevenci\u00f3n.<\/p>\n\n\n\n<p><\/p>\n<!-- AddThis Advanced Settings generic via filter on the_content --><!-- AddThis Share Buttons generic via filter on the_content -->","protected":false},"excerpt":{"rendered":"<p>La llegada de la pandemia por el nuevo coronavirus trastoc\u00f3 todas las estad\u00edsticas sanitarias durante el [&hellip;]<!-- AddThis Advanced Settings generic via filter on get_the_excerpt --><!-- AddThis Share Buttons generic via filter on get_the_excerpt --><\/p>\n","protected":false},"author":16,"featured_media":33445,"comment_status":"open","ping_status":"open","sticky":false,"template":"","format":"standard","meta":{"_seopress_robots_primary_cat":"none","_seopress_titles_title":"","_seopress_titles_desc":"","_seopress_robots_index":"","_themeisle_gutenberg_block_has_review":false,"footnotes":""},"categories":[2,3,15],"tags":[],"class_list":["post-33443","post","type-post","status-publish","format-standard","has-post-thumbnail","hentry","category-actualidad","category-cultura","category-salud"],"_links":{"self":[{"href":"https:\/\/www.almargenweb.com.ar\/web\/wp-json\/wp\/v2\/posts\/33443","targetHints":{"allow":["GET"]}}],"collection":[{"href":"https:\/\/www.almargenweb.com.ar\/web\/wp-json\/wp\/v2\/posts"}],"about":[{"href":"https:\/\/www.almargenweb.com.ar\/web\/wp-json\/wp\/v2\/types\/post"}],"author":[{"embeddable":true,"href":"https:\/\/www.almargenweb.com.ar\/web\/wp-json\/wp\/v2\/users\/16"}],"replies":[{"embeddable":true,"href":"https:\/\/www.almargenweb.com.ar\/web\/wp-json\/wp\/v2\/comments?post=33443"}],"version-history":[{"count":1,"href":"https:\/\/www.almargenweb.com.ar\/web\/wp-json\/wp\/v2\/posts\/33443\/revisions"}],"predecessor-version":[{"id":33447,"href":"https:\/\/www.almargenweb.com.ar\/web\/wp-json\/wp\/v2\/posts\/33443\/revisions\/33447"}],"wp:featuredmedia":[{"embeddable":true,"href":"https:\/\/www.almargenweb.com.ar\/web\/wp-json\/wp\/v2\/media\/33445"}],"wp:attachment":[{"href":"https:\/\/www.almargenweb.com.ar\/web\/wp-json\/wp\/v2\/media?parent=33443"}],"wp:term":[{"taxonomy":"category","embeddable":true,"href":"https:\/\/www.almargenweb.com.ar\/web\/wp-json\/wp\/v2\/categories?post=33443"},{"taxonomy":"post_tag","embeddable":true,"href":"https:\/\/www.almargenweb.com.ar\/web\/wp-json\/wp\/v2\/tags?post=33443"}],"curies":[{"name":"wp","href":"https:\/\/api.w.org\/{rel}","templated":true}]}}