{"id":33438,"date":"2021-02-09T08:14:51","date_gmt":"2021-02-09T11:14:51","guid":{"rendered":"http:\/\/www.almargenweb.com.ar\/web\/?p=33438"},"modified":"2021-02-09T08:14:54","modified_gmt":"2021-02-09T11:14:54","slug":"se-reanudan-todos-los-servicios-de-transporte-de-pasajeros-en-la-provincia","status":"publish","type":"post","link":"https:\/\/www.almargenweb.com.ar\/web\/se-reanudan-todos-los-servicios-de-transporte-de-pasajeros-en-la-provincia\/","title":{"rendered":"Se reanudan todos los servicios de transporte de pasajeros en la provincia"},"content":{"rendered":"\n<p>La secretar\u00eda de Transporte, dependiente del Ministerio de Producci\u00f3n, Ciencia y Tecnolog\u00eda, a partir de la Resoluci\u00f3n 03\/2021, determin\u00f3 que a partir de este lunes todos los servicios de transporte automotor de pasajeros de jurisdicci\u00f3n provincial deben reanudarse y estableci\u00f3 una serie de pautas a cumplir para volver a prestar el servicio.<\/p>\n\n\n\n<p>Los horarios a cumplir ser\u00e1n esquemas equivalentes a frecuencias y programaciones de d\u00edas s\u00e1bados o medios festivos aprobados oportunamente previo a la pandemia.<\/p>\n\n\n\n<figure class=\"wp-block-image size-large is-resized\"><img loading=\"lazy\" decoding=\"async\" src=\"https:\/\/www.almargenweb.com.ar\/web\/wp-content\/uploads\/2021\/02\/images.jpg\" alt=\"\" class=\"wp-image-33441\" width=\"576\" height=\"323\"\/><figcaption>La resoluci\u00f3n del Ministerio de Producci\u00f3n determin\u00f3 que todos los servicios de transporte automotor de pasajeros deben reanudarse, tal como se prestaban previo al comienzo de la pandemia.<\/figcaption><\/figure>\n\n\n\n<p>Los horarios de los servicios se programar\u00e1n tomando en cuenta las tasas de ocupaci\u00f3n de las distintas terminales de origen y destino, procurando no generar aglomeraciones de personas al ascender y descender de las unidades y en la evacuaci\u00f3n de las terminales.<\/p>\n\n\n\n<p>Las empresas de transporte, no podr\u00e1n dejar de prestar los servicios en ning\u00fan caso, sin la debida aprobaci\u00f3n por parte de esta Secretar\u00eda. Adem\u00e1s, deber\u00e1n remitir semanalmente, por l\u00ednea y por horario a trav\u00e9s de una planilla.<\/p>\n<!-- AddThis Advanced Settings generic via filter on the_content --><!-- AddThis Share Buttons generic via filter on the_content -->","protected":false},"excerpt":{"rendered":"<p>La secretar\u00eda de Transporte, dependiente del Ministerio de Producci\u00f3n, Ciencia y Tecnolog\u00eda, a partir de la [&hellip;]<!-- AddThis Advanced Settings generic via filter on get_the_excerpt --><!-- AddThis Share Buttons generic via filter on get_the_excerpt --><\/p>\n","protected":false},"author":16,"featured_media":33440,"comment_status":"open","ping_status":"open","sticky":false,"template":"","format":"standard","meta":{"_seopress_robots_primary_cat":"none","_seopress_titles_title":"","_seopress_titles_desc":"","_seopress_robots_index":"","_themeisle_gutenberg_block_has_review":false,"footnotes":""},"categories":[2,9,15,317],"tags":[],"class_list":["post-33438","post","type-post","status-publish","format-standard","has-post-thumbnail","hentry","category-actualidad","category-politica","category-salud","category-transporte"],"_links":{"self":[{"href":"https:\/\/www.almargenweb.com.ar\/web\/wp-json\/wp\/v2\/posts\/33438","targetHints":{"allow":["GET"]}}],"collection":[{"href":"https:\/\/www.almargenweb.com.ar\/web\/wp-json\/wp\/v2\/posts"}],"about":[{"href":"https:\/\/www.almargenweb.com.ar\/web\/wp-json\/wp\/v2\/types\/post"}],"author":[{"embeddable":true,"href":"https:\/\/www.almargenweb.com.ar\/web\/wp-json\/wp\/v2\/users\/16"}],"replies":[{"embeddable":true,"href":"https:\/\/www.almargenweb.com.ar\/web\/wp-json\/wp\/v2\/comments?post=33438"}],"version-history":[{"count":1,"href":"https:\/\/www.almargenweb.com.ar\/web\/wp-json\/wp\/v2\/posts\/33438\/revisions"}],"predecessor-version":[{"id":33442,"href":"https:\/\/www.almargenweb.com.ar\/web\/wp-json\/wp\/v2\/posts\/33438\/revisions\/33442"}],"wp:featuredmedia":[{"embeddable":true,"href":"https:\/\/www.almargenweb.com.ar\/web\/wp-json\/wp\/v2\/media\/33440"}],"wp:attachment":[{"href":"https:\/\/www.almargenweb.com.ar\/web\/wp-json\/wp\/v2\/media?parent=33438"}],"wp:term":[{"taxonomy":"category","embeddable":true,"href":"https:\/\/www.almargenweb.com.ar\/web\/wp-json\/wp\/v2\/categories?post=33438"},{"taxonomy":"post_tag","embeddable":true,"href":"https:\/\/www.almargenweb.com.ar\/web\/wp-json\/wp\/v2\/tags?post=33438"}],"curies":[{"name":"wp","href":"https:\/\/api.w.org\/{rel}","templated":true}]}}