{"id":33362,"date":"2021-02-06T10:53:00","date_gmt":"2021-02-06T13:53:00","guid":{"rendered":"http:\/\/www.almargenweb.com.ar\/web\/?p=33362"},"modified":"2021-02-06T10:53:02","modified_gmt":"2021-02-06T13:53:02","slug":"la-comunidad-de-esperanza-despide-con-dolor-al-artista-luis-lorenzon","status":"publish","type":"post","link":"https:\/\/www.almargenweb.com.ar\/web\/la-comunidad-de-esperanza-despide-con-dolor-al-artista-luis-lorenzon\/","title":{"rendered":"La comunidad de Esperanza despide con dolor al artista  Luis Lorenz\u00f3n"},"content":{"rendered":"\n<p>En 1949 emigr\u00f3 desde la provincia de Padua, en la regi\u00f3n del Veneto, cuya capital es Venecia. En Argentina, se cas\u00f3 con Gisela Simonetto y tuvo tres hijos: Adriana, Claudia y Fabio.<\/p>\n\n\n\n<p>Ten\u00eda que venir pero me agarraron para hacer el servicio militar. Me enrol\u00e9 en la aeron\u00e1utica porque eran tan s\u00f3lo 2 o 3 meses y quer\u00eda, en ese inter\u00edn, poder salir de Italia pero no hubo caso. A la mitad del servicio militar, despu\u00e9s de tres meses de convalecencia, pude dejar y a los pocos a\u00f1itos me cas\u00e9 con esta dama\u201d, relata el artista en una nota gr\u00e1fica, a\u00f1os atr\u00e1s cuando recibi\u00f3 un reconocimiento en su ciudad natal. <\/p>\n\n\n\n<figure class=\"wp-block-image size-large\"><img loading=\"lazy\" decoding=\"async\" width=\"800\" height=\"722\" src=\"https:\/\/www.almargenweb.com.ar\/web\/wp-content\/uploads\/2021\/02\/monumento-provincial-a-los-abuelos-archivo.jpg\" alt=\"\" class=\"wp-image-33365\" srcset=\"https:\/\/www.almargenweb.com.ar\/web\/wp-content\/uploads\/2021\/02\/monumento-provincial-a-los-abuelos-archivo.jpg 800w, https:\/\/www.almargenweb.com.ar\/web\/wp-content\/uploads\/2021\/02\/monumento-provincial-a-los-abuelos-archivo-300x271.jpg 300w, https:\/\/www.almargenweb.com.ar\/web\/wp-content\/uploads\/2021\/02\/monumento-provincial-a-los-abuelos-archivo-768x693.jpg 768w\" sizes=\"auto, (max-width: 800px) 100vw, 800px\" \/><\/figure>\n\n\n\n<p>Un t\u00edo le consigui\u00f3 trabajo en Santa Fe y, posteriormente, se radic\u00f3 en Esperanza donde \u201cfue un tanto duro porque empec\u00e9 como medio oficial. Despu\u00e9s trabaj\u00e9 35 a\u00f1os de supervisor de una empresa haciendo uso de lo que sab\u00eda\u201d.<\/p>\n\n\n\n<figure class=\"wp-block-image size-large\"><img loading=\"lazy\" decoding=\"async\" width=\"700\" height=\"986\" src=\"https:\/\/www.almargenweb.com.ar\/web\/wp-content\/uploads\/2021\/02\/el-Dante-archivo.jpg\" alt=\"\" class=\"wp-image-33366\" srcset=\"https:\/\/www.almargenweb.com.ar\/web\/wp-content\/uploads\/2021\/02\/el-Dante-archivo.jpg 700w, https:\/\/www.almargenweb.com.ar\/web\/wp-content\/uploads\/2021\/02\/el-Dante-archivo-213x300.jpg 213w\" sizes=\"auto, (max-width: 700px) 100vw, 700px\" \/><\/figure>\n\n\n\n<p>El artista confeccion\u00f3 los Monumentos a los Abuelos (Esperanza) y a los Inmigrantes (San Agust\u00edn); los bustos al Gobernador Crespo (Santo Domingo), al corredor automovil\u00edstico Eusebio Marcilla (Recreo), al doctor Laureano Maradona (Esperanza), al doctor Alejandro Chaggeni (Esperanza) y a Jos\u00e9 Pedroni (Esperanza y San Carlos Centro).<\/p>\n\n\n\n<p><\/p>\n<!-- AddThis Advanced Settings generic via filter on the_content --><!-- AddThis Share Buttons generic via filter on the_content -->","protected":false},"excerpt":{"rendered":"<p>En 1949 emigr\u00f3 desde la provincia de Padua, en la regi\u00f3n del Veneto, cuya capital es [&hellip;]<!-- AddThis Advanced Settings generic via filter on get_the_excerpt --><!-- AddThis Share Buttons generic via filter on get_the_excerpt --><\/p>\n","protected":false},"author":16,"featured_media":33364,"comment_status":"open","ping_status":"open","sticky":false,"template":"","format":"standard","meta":{"_seopress_robots_primary_cat":"none","_seopress_titles_title":"","_seopress_titles_desc":"","_seopress_robots_index":"","_themeisle_gutenberg_block_has_review":false,"footnotes":""},"categories":[2,164,3,21,47],"tags":[],"class_list":["post-33362","post","type-post","status-publish","format-standard","has-post-thumbnail","hentry","category-actualidad","category-ambiente","category-cultura","category-las-colonias","category-locales"],"_links":{"self":[{"href":"https:\/\/www.almargenweb.com.ar\/web\/wp-json\/wp\/v2\/posts\/33362","targetHints":{"allow":["GET"]}}],"collection":[{"href":"https:\/\/www.almargenweb.com.ar\/web\/wp-json\/wp\/v2\/posts"}],"about":[{"href":"https:\/\/www.almargenweb.com.ar\/web\/wp-json\/wp\/v2\/types\/post"}],"author":[{"embeddable":true,"href":"https:\/\/www.almargenweb.com.ar\/web\/wp-json\/wp\/v2\/users\/16"}],"replies":[{"embeddable":true,"href":"https:\/\/www.almargenweb.com.ar\/web\/wp-json\/wp\/v2\/comments?post=33362"}],"version-history":[{"count":1,"href":"https:\/\/www.almargenweb.com.ar\/web\/wp-json\/wp\/v2\/posts\/33362\/revisions"}],"predecessor-version":[{"id":33367,"href":"https:\/\/www.almargenweb.com.ar\/web\/wp-json\/wp\/v2\/posts\/33362\/revisions\/33367"}],"wp:featuredmedia":[{"embeddable":true,"href":"https:\/\/www.almargenweb.com.ar\/web\/wp-json\/wp\/v2\/media\/33364"}],"wp:attachment":[{"href":"https:\/\/www.almargenweb.com.ar\/web\/wp-json\/wp\/v2\/media?parent=33362"}],"wp:term":[{"taxonomy":"category","embeddable":true,"href":"https:\/\/www.almargenweb.com.ar\/web\/wp-json\/wp\/v2\/categories?post=33362"},{"taxonomy":"post_tag","embeddable":true,"href":"https:\/\/www.almargenweb.com.ar\/web\/wp-json\/wp\/v2\/tags?post=33362"}],"curies":[{"name":"wp","href":"https:\/\/api.w.org\/{rel}","templated":true}]}}