{"id":33341,"date":"2021-02-05T08:11:37","date_gmt":"2021-02-05T11:11:37","guid":{"rendered":"http:\/\/www.almargenweb.com.ar\/web\/?p=33341"},"modified":"2021-02-05T08:11:42","modified_gmt":"2021-02-05T11:11:42","slug":"preocupacion-en-el-sector-de-la-construccion-se-derrumbo-195-en-el-2020","status":"publish","type":"post","link":"https:\/\/www.almargenweb.com.ar\/web\/preocupacion-en-el-sector-de-la-construccion-se-derrumbo-195-en-el-2020\/","title":{"rendered":"Preocupaci\u00f3n en el sector de la construcci\u00f3n; se derrumb\u00f3 19,5% en el 2020"},"content":{"rendered":"\n<p>La actividad de la construcci\u00f3n cay\u00f3 19,5% en el 2020, pese a que en diciembre \u00faltimo mostr\u00f3 un fuerte crecimiento interanual del 27,4%, el m\u00e1s alto en tres a\u00f1os, inform\u00f3 hoy el Instituto Nacional de Estad\u00edsticas y Censos (Indec).<\/p>\n\n\n\n<p>En diciembre, el Indicador Sint\u00e9tico de la Actividad de la Construcci\u00f3n (I) registr\u00f3 en comparaci\u00f3n con noviembre una suba del 4,3%, la cuarta variaci\u00f3n positiva mensual.<\/p>\n\n\n\n<p>El alza del 27,4% es la segunda suba interanual consecutiva tras 26 meses en baja. Tambi\u00e9n la de mayor magnitud desde noviembre de 2017, destac\u00f3 el Ministerio de Econom\u00eda.<\/p>\n\n\n\n<figure class=\"wp-block-image size-large\"><img loading=\"lazy\" decoding=\"async\" width=\"953\" height=\"650\" src=\"https:\/\/www.almargenweb.com.ar\/web\/wp-content\/uploads\/2021\/02\/5262ec10-mejoramiento-de-vivienda-17-09-19-18.jpg\" alt=\"\" class=\"wp-image-33343\" srcset=\"https:\/\/www.almargenweb.com.ar\/web\/wp-content\/uploads\/2021\/02\/5262ec10-mejoramiento-de-vivienda-17-09-19-18.jpg 953w, https:\/\/www.almargenweb.com.ar\/web\/wp-content\/uploads\/2021\/02\/5262ec10-mejoramiento-de-vivienda-17-09-19-18-300x205.jpg 300w, https:\/\/www.almargenweb.com.ar\/web\/wp-content\/uploads\/2021\/02\/5262ec10-mejoramiento-de-vivienda-17-09-19-18-768x524.jpg 768w\" sizes=\"auto, (max-width: 953px) 100vw, 953px\" \/><figcaption>Las subas interanuales en la comercializaci\u00f3n de insumos fueron del 3,5% en ladrillos huecos, 2,3% en placas de yeso y 1,5% en cales.<\/figcaption><\/figure>\n\n\n\n<p>Luego de ca\u00eddas registradas al inicio de la pandemia de entre -70% y -50% interanual, la actividad del sector comenz\u00f3 a recuperarse en t\u00e9rminos desestacionalizados a partir del segundo semestre de 2020.<\/p>\n\n\n\n<p>Los permisos de construcci\u00f3n para obras privadas en los 60 municipios m\u00e1s importantes del pa\u00eds, cayeron en noviembre pasado un 34,7% interanual y la acumulada en los primeros once meses del a\u00f1o registr\u00f3 una ca\u00edda de 39,9% con respecto al mismo per\u00edodo del 2019.<\/p>\n<!-- AddThis Advanced Settings generic via filter on the_content --><!-- AddThis Share Buttons generic via filter on the_content -->","protected":false},"excerpt":{"rendered":"<p>La actividad de la construcci\u00f3n cay\u00f3 19,5% en el 2020, pese a que en diciembre \u00faltimo [&hellip;]<!-- AddThis Advanced Settings generic via filter on get_the_excerpt --><!-- AddThis Share Buttons generic via filter on get_the_excerpt --><\/p>\n","protected":false},"author":16,"featured_media":33344,"comment_status":"open","ping_status":"open","sticky":false,"template":"","format":"standard","meta":{"_seopress_robots_primary_cat":"none","_seopress_titles_title":"","_seopress_titles_desc":"","_seopress_robots_index":"","_themeisle_gutenberg_block_has_review":false,"footnotes":""},"categories":[2,5,140,24],"tags":[],"class_list":["post-33341","post","type-post","status-publish","format-standard","has-post-thumbnail","hentry","category-actualidad","category-economia","category-nacionales","category-obras-publicas"],"_links":{"self":[{"href":"https:\/\/www.almargenweb.com.ar\/web\/wp-json\/wp\/v2\/posts\/33341","targetHints":{"allow":["GET"]}}],"collection":[{"href":"https:\/\/www.almargenweb.com.ar\/web\/wp-json\/wp\/v2\/posts"}],"about":[{"href":"https:\/\/www.almargenweb.com.ar\/web\/wp-json\/wp\/v2\/types\/post"}],"author":[{"embeddable":true,"href":"https:\/\/www.almargenweb.com.ar\/web\/wp-json\/wp\/v2\/users\/16"}],"replies":[{"embeddable":true,"href":"https:\/\/www.almargenweb.com.ar\/web\/wp-json\/wp\/v2\/comments?post=33341"}],"version-history":[{"count":1,"href":"https:\/\/www.almargenweb.com.ar\/web\/wp-json\/wp\/v2\/posts\/33341\/revisions"}],"predecessor-version":[{"id":33345,"href":"https:\/\/www.almargenweb.com.ar\/web\/wp-json\/wp\/v2\/posts\/33341\/revisions\/33345"}],"wp:featuredmedia":[{"embeddable":true,"href":"https:\/\/www.almargenweb.com.ar\/web\/wp-json\/wp\/v2\/media\/33344"}],"wp:attachment":[{"href":"https:\/\/www.almargenweb.com.ar\/web\/wp-json\/wp\/v2\/media?parent=33341"}],"wp:term":[{"taxonomy":"category","embeddable":true,"href":"https:\/\/www.almargenweb.com.ar\/web\/wp-json\/wp\/v2\/categories?post=33341"},{"taxonomy":"post_tag","embeddable":true,"href":"https:\/\/www.almargenweb.com.ar\/web\/wp-json\/wp\/v2\/tags?post=33341"}],"curies":[{"name":"wp","href":"https:\/\/api.w.org\/{rel}","templated":true}]}}