{"id":33315,"date":"2021-02-03T17:56:47","date_gmt":"2021-02-03T20:56:47","guid":{"rendered":"http:\/\/www.almargenweb.com.ar\/web\/?p=33315"},"modified":"2021-02-03T17:56:47","modified_gmt":"2021-02-03T20:56:47","slug":"jimena-senn-solicito-que-el-ciclo-lectivo-2021-comience-de-forma-presencial-y-con-los-protocolos-sanitarios-correspondientes","status":"publish","type":"post","link":"https:\/\/www.almargenweb.com.ar\/web\/jimena-senn-solicito-que-el-ciclo-lectivo-2021-comience-de-forma-presencial-y-con-los-protocolos-sanitarios-correspondientes\/","title":{"rendered":"Jimena Senn solicit\u00f3 que el ciclo lectivo 2021 comience de forma presencial y con los protocolos sanitarios correspondientes"},"content":{"rendered":"\n<p>La diputada provincial expres\u00f3 que \u201clos alumnos necesitan volver a las aulas\u201d y el gobierno provincial debe \u201cplanificar un esquema flexible de clases que contemple las realidades territoriales y epidemiol\u00f3gicas de cada localidad\u201d.<\/p>\n\n\n\n<p>La diputada provincial, Jimena Senn, present\u00f3 en la Legislatura un proyecto de comunicaci\u00f3n por el cual solicit\u00f3 al Poder Ejecutivo que planifique el ciclo lectivo 2021 con un esquema flexible de clases presenciales, contemplando las diversas realidades sanitarias de cada localidad y respetando los protocolos previstos para garantizar la seguridad, tanto de los alumnos como del personal docente y no docente, frente a la pandemia de COVID-19.<\/p>\n\n\n\n<p>Al respecto, Senn manifest\u00f3 que \u201cnecesitamos que nuestros ni\u00f1os y j\u00f3venes retornen a las aulas para garantizarles la educaci\u00f3n que merecen\u201d porque \u201cno en todas las familias hay alguien que acompa\u00f1e la permanencia de chicos y chicas en sus casas o los ayude en las clases virtuales, y tambi\u00e9n muchos alumnos no cuentan con los dispositivos tecnol\u00f3gicos y la conexi\u00f3n a Internet para acceder al material educativo\u201d.<\/p>\n\n\n\n<p>Luego, a\u00f1adi\u00f3 que \u201cm\u00e9dicos, enfermeros, polic\u00edas, empleados p\u00fablicos, comerciantes, obreros y profesionales, entre otros, volvieron a sus actividades con protocolos espec\u00edficos, pero las clases presenciales siguen posponi\u00e9ndose indefinidamente\u201d.<\/p>\n\n\n\n<p>La diputada provincial tambi\u00e9n record\u00f3 que \u201cdesde la Legislatura hemos trabajado y presentado proyectos con diferentes iniciativas como la planificaci\u00f3n del retorno a la presencialidad, educaci\u00f3n virtual, programas de acompa\u00f1amiento pedag\u00f3gico, compensaci\u00f3n salarial a agentes reemplazantes, entre otras propuestas que no fueron consideradas por el Poder Ejecutivo\u201d.<\/p>\n\n\n\n<p>Por \u00faltimo, Senn ratific\u00f3 que \u201cel Estado debe destinar urgentemente fondos para adecuar las instalaciones escolares a la necesaria distancia social, dotarlas de los insumos necesarios para garantizar la bioseguridad y sumar recursos humanos al sistema educativo que mejoren la ense\u00f1anza virtual y contengan a quienes est\u00e1n en una situaci\u00f3n m\u00e1s vulnerable\u201d.<\/p>\n<!-- AddThis Advanced Settings generic via filter on the_content --><!-- AddThis Share Buttons generic via filter on the_content -->","protected":false},"excerpt":{"rendered":"<p>La diputada provincial expres\u00f3 que \u201clos alumnos necesitan volver a las aulas\u201d y el gobierno provincial [&hellip;]<!-- AddThis Advanced Settings generic via filter on get_the_excerpt --><!-- AddThis Share Buttons generic via filter on get_the_excerpt --><\/p>\n","protected":false},"author":16,"featured_media":33317,"comment_status":"open","ping_status":"open","sticky":false,"template":"","format":"standard","meta":{"_seopress_robots_primary_cat":"none","_seopress_titles_title":"","_seopress_titles_desc":"","_seopress_robots_index":"","_themeisle_gutenberg_block_has_review":false,"footnotes":""},"categories":[2,19,21],"tags":[],"class_list":["post-33315","post","type-post","status-publish","format-standard","has-post-thumbnail","hentry","category-actualidad","category-educacion","category-las-colonias"],"_links":{"self":[{"href":"https:\/\/www.almargenweb.com.ar\/web\/wp-json\/wp\/v2\/posts\/33315","targetHints":{"allow":["GET"]}}],"collection":[{"href":"https:\/\/www.almargenweb.com.ar\/web\/wp-json\/wp\/v2\/posts"}],"about":[{"href":"https:\/\/www.almargenweb.com.ar\/web\/wp-json\/wp\/v2\/types\/post"}],"author":[{"embeddable":true,"href":"https:\/\/www.almargenweb.com.ar\/web\/wp-json\/wp\/v2\/users\/16"}],"replies":[{"embeddable":true,"href":"https:\/\/www.almargenweb.com.ar\/web\/wp-json\/wp\/v2\/comments?post=33315"}],"version-history":[{"count":1,"href":"https:\/\/www.almargenweb.com.ar\/web\/wp-json\/wp\/v2\/posts\/33315\/revisions"}],"predecessor-version":[{"id":33318,"href":"https:\/\/www.almargenweb.com.ar\/web\/wp-json\/wp\/v2\/posts\/33315\/revisions\/33318"}],"wp:featuredmedia":[{"embeddable":true,"href":"https:\/\/www.almargenweb.com.ar\/web\/wp-json\/wp\/v2\/media\/33317"}],"wp:attachment":[{"href":"https:\/\/www.almargenweb.com.ar\/web\/wp-json\/wp\/v2\/media?parent=33315"}],"wp:term":[{"taxonomy":"category","embeddable":true,"href":"https:\/\/www.almargenweb.com.ar\/web\/wp-json\/wp\/v2\/categories?post=33315"},{"taxonomy":"post_tag","embeddable":true,"href":"https:\/\/www.almargenweb.com.ar\/web\/wp-json\/wp\/v2\/tags?post=33315"}],"curies":[{"name":"wp","href":"https:\/\/api.w.org\/{rel}","templated":true}]}}