{"id":33265,"date":"2021-02-01T15:26:47","date_gmt":"2021-02-01T18:26:47","guid":{"rendered":"http:\/\/www.almargenweb.com.ar\/web\/?p=33265"},"modified":"2021-02-01T15:26:48","modified_gmt":"2021-02-01T18:26:48","slug":"volvio-la-musica-en-vivo-al-aire-libre-y-con-un-protocolo-sanatorio-adecuado-a-la-masividad","status":"publish","type":"post","link":"https:\/\/www.almargenweb.com.ar\/web\/volvio-la-musica-en-vivo-al-aire-libre-y-con-un-protocolo-sanatorio-adecuado-a-la-masividad\/","title":{"rendered":"Volvi\u00f3 la m\u00fasica en vivo, al aire libre y con un protocolo sanatorio adecuado a la masividad"},"content":{"rendered":"\n<p>Divididos volvi\u00f3 a tocar frente a su p\u00fablico por primera vez desde el comienzo del aislamiento por la pandemia, al presentarse anoche en Rosario frente a una multitud que agot\u00f3 las entradas y colm\u00f3 el anfiteatro local para vivir el regreso del power tr\u00edo vigente m\u00e1s importante del rock argentino.<\/p>\n\n\n\n<p>El recital que se desarroll\u00f3 al aire libre y con protocolos sanitarios hizo que las gradas estuvieran separadas en burbujas de colores numeradas, que ayudaron para que la gente conservara su lugar y distanciamiento, procurando evitar que la audiencia se agrupara.<\/p>\n\n\n\n<figure class=\"wp-block-image size-large\"><img loading=\"lazy\" decoding=\"async\" width=\"1004\" height=\"565\" src=\"https:\/\/www.almargenweb.com.ar\/web\/wp-content\/uploads\/2021\/02\/601565cd7f7f8_1004x565.jpeg\" alt=\"\" class=\"wp-image-33268\" srcset=\"https:\/\/www.almargenweb.com.ar\/web\/wp-content\/uploads\/2021\/02\/601565cd7f7f8_1004x565.jpeg 1004w, https:\/\/www.almargenweb.com.ar\/web\/wp-content\/uploads\/2021\/02\/601565cd7f7f8_1004x565-300x169.jpeg 300w, https:\/\/www.almargenweb.com.ar\/web\/wp-content\/uploads\/2021\/02\/601565cd7f7f8_1004x565-768x432.jpeg 768w\" sizes=\"auto, (max-width: 1004px) 100vw, 1004px\" \/><figcaption>La banda liderada por Ricardo Mollo y Diego Arnedo, se reencontr\u00f3 con el escenario luego de un a\u00f1o, para realizar la primera de las dos presentaciones planeadas en Rosario.<\/figcaption><\/figure>\n\n\n\n<p>Adem\u00e1s el personal encargado de la seguridad sanitaria del evento, se encarg\u00f3 de tomar la fiebre y colocar alcohol en gel a cada persona en los ingresos al predio.<\/p>\n\n\n\n<p>La gira nacional de Divididos en el contexto pand\u00e9mico continuar\u00e1 los d\u00edas 4 y 5 de febrero en Quality Espacio de C\u00f3rdoba y 13 y 14 del mismo mes en el teatro \u00d3pera de Buenos Aires, en un par de presentaciones porte\u00f1as para las que las localidades saldr\u00e1n a la venta el lunes pr\u00f3ximo.<\/p>\n<!-- AddThis Advanced Settings generic via filter on the_content --><!-- AddThis Share Buttons generic via filter on the_content -->","protected":false},"excerpt":{"rendered":"<p>Divididos volvi\u00f3 a tocar frente a su p\u00fablico por primera vez desde el comienzo del aislamiento [&hellip;]<!-- AddThis Advanced Settings generic via filter on get_the_excerpt --><!-- AddThis Share Buttons generic via filter on get_the_excerpt --><\/p>\n","protected":false},"author":16,"featured_media":33267,"comment_status":"open","ping_status":"open","sticky":false,"template":"","format":"standard","meta":{"_seopress_robots_primary_cat":"none","_seopress_titles_title":"","_seopress_titles_desc":"","_seopress_robots_index":"","_themeisle_gutenberg_block_has_review":false,"footnotes":""},"categories":[2,15],"tags":[],"class_list":["post-33265","post","type-post","status-publish","format-standard","has-post-thumbnail","hentry","category-actualidad","category-salud"],"_links":{"self":[{"href":"https:\/\/www.almargenweb.com.ar\/web\/wp-json\/wp\/v2\/posts\/33265","targetHints":{"allow":["GET"]}}],"collection":[{"href":"https:\/\/www.almargenweb.com.ar\/web\/wp-json\/wp\/v2\/posts"}],"about":[{"href":"https:\/\/www.almargenweb.com.ar\/web\/wp-json\/wp\/v2\/types\/post"}],"author":[{"embeddable":true,"href":"https:\/\/www.almargenweb.com.ar\/web\/wp-json\/wp\/v2\/users\/16"}],"replies":[{"embeddable":true,"href":"https:\/\/www.almargenweb.com.ar\/web\/wp-json\/wp\/v2\/comments?post=33265"}],"version-history":[{"count":1,"href":"https:\/\/www.almargenweb.com.ar\/web\/wp-json\/wp\/v2\/posts\/33265\/revisions"}],"predecessor-version":[{"id":33269,"href":"https:\/\/www.almargenweb.com.ar\/web\/wp-json\/wp\/v2\/posts\/33265\/revisions\/33269"}],"wp:featuredmedia":[{"embeddable":true,"href":"https:\/\/www.almargenweb.com.ar\/web\/wp-json\/wp\/v2\/media\/33267"}],"wp:attachment":[{"href":"https:\/\/www.almargenweb.com.ar\/web\/wp-json\/wp\/v2\/media?parent=33265"}],"wp:term":[{"taxonomy":"category","embeddable":true,"href":"https:\/\/www.almargenweb.com.ar\/web\/wp-json\/wp\/v2\/categories?post=33265"},{"taxonomy":"post_tag","embeddable":true,"href":"https:\/\/www.almargenweb.com.ar\/web\/wp-json\/wp\/v2\/tags?post=33265"}],"curies":[{"name":"wp","href":"https:\/\/api.w.org\/{rel}","templated":true}]}}