{"id":33252,"date":"2021-02-01T10:04:26","date_gmt":"2021-02-01T13:04:26","guid":{"rendered":"http:\/\/www.almargenweb.com.ar\/web\/?p=33252"},"modified":"2021-02-01T10:04:27","modified_gmt":"2021-02-01T13:04:27","slug":"muller-la-esperanza-de-un-servicio-de-transporte-publico-de-pasajeros-accesible-y-adecuado","status":"publish","type":"post","link":"https:\/\/www.almargenweb.com.ar\/web\/muller-la-esperanza-de-un-servicio-de-transporte-publico-de-pasajeros-accesible-y-adecuado\/","title":{"rendered":"Muller; \u201cla Esperanza de un servicio de transporte p\u00fablico de pasajeros accesible y adecuado\u201d"},"content":{"rendered":"\n<p>Presentado formalmente el a\u00f1o pasado, por el bloque que representa el concejal Rodrigo Muller, el proyecto de crear un servicio de transporte publico con la particularidad de ser amistoso con el medio, entendiendo que Esperanza es una ciudad que necesita una reestructuraci\u00f3n vial. <\/p>\n\n\n\n<p>La propuesta del proyecto hace referencia a una forma de transporte conocida como \u201clineal\u201d aunque en el Amba le dicen \u201cmetrobus\u201d. El bus imita el recorrido del ferrocarril, de esta forma se pueden conectar el norte con el sur de la ciudad, en dos frecuencias.<\/p>\n\n\n\n<p>A pesar de los estudios ambientales y demogr\u00e1ficos realizados para tener un conocimiento certero del posible impacto que producir\u00eda en la ciudad, la implementaci\u00f3n de un servicio de transporte de estas caracter\u00edsticas, el Ejecutivo se mostr\u00f3 reticente con el proyecto y decidi\u00f3 darle la espalda. Aun cuando los estudios de valoraci\u00f3n econ\u00f3mica ten\u00edan una certera ventaja. <\/p>\n\n\n\n<figure class=\"wp-block-image size-large is-resized\"><img loading=\"lazy\" decoding=\"async\" src=\"https:\/\/www.almargenweb.com.ar\/web\/wp-content\/uploads\/2021\/02\/unnamed-1.jpeg\" alt=\"\" class=\"wp-image-33254\" width=\"579\" height=\"369\" srcset=\"https:\/\/www.almargenweb.com.ar\/web\/wp-content\/uploads\/2021\/02\/unnamed-1.jpeg 512w, https:\/\/www.almargenweb.com.ar\/web\/wp-content\/uploads\/2021\/02\/unnamed-1-300x191.jpeg 300w\" sizes=\"auto, (max-width: 579px) 100vw, 579px\" \/><figcaption>A pesar de los estudios que abalan el proyecto, presentado por la UCR, la gesti\u00f3n Meiners le dio la espalda. Hoy d\u00eda, 4 meses despu\u00e9s, se habla del transporte de pasajeros con glorias ajenas. <\/figcaption><\/figure>\n\n\n\n<p>En este sentido, el Ejecutivo revivi\u00f3 la idea sin cr\u00e9dito al dialogo y plantea privatizar el servicio, mientras que el proyecto de la UCR, vincula el servicio de buses a las arcas del Municipio, es decir con fondos propios.<\/p>\n\n\n\n<p>Cuando se habla de transporte urbano se miran los sistemas europeos ya que por las caracter\u00edsticas de las peque\u00f1as ciudades pero con muchos habitantes, busca de ser accesible y \u00fatil, lo que lo hace eficiente. Esperanza es una ciudad peque\u00f1a pero con crecimiento demogr\u00e1fico significativo. <\/p>\n\n\n\n<p>Actualmente, somos 55 mil vecinos que nos movilizamos en autos, motos y bicicleta. Un colectivo de recorrido lineal, reduce la siniestralidad frente a las otras opciones, dado que hay una menor concurrencia de veh\u00edculos en la v\u00eda p\u00fablica; un menor ruido y contaminaci\u00f3n ac\u00fastica dada la presencia de menos veh\u00edculos y un mejor aprovechamiento del espacio p\u00fablico, reduciendo la congesti\u00f3n en las calles de la ciudad.<\/p>\n\n\n\n<figure class=\"wp-block-image size-large\"><img loading=\"lazy\" decoding=\"async\" width=\"1024\" height=\"684\" src=\"https:\/\/www.almargenweb.com.ar\/web\/wp-content\/uploads\/2021\/02\/METROBUS-ELECTRICO-MX-3-1-1024x684.jpeg\" alt=\"\" class=\"wp-image-33255\" srcset=\"https:\/\/www.almargenweb.com.ar\/web\/wp-content\/uploads\/2021\/02\/METROBUS-ELECTRICO-MX-3-1-1024x684.jpeg 1024w, https:\/\/www.almargenweb.com.ar\/web\/wp-content\/uploads\/2021\/02\/METROBUS-ELECTRICO-MX-3-1-300x200.jpeg 300w, https:\/\/www.almargenweb.com.ar\/web\/wp-content\/uploads\/2021\/02\/METROBUS-ELECTRICO-MX-3-1-768x513.jpeg 768w, https:\/\/www.almargenweb.com.ar\/web\/wp-content\/uploads\/2021\/02\/METROBUS-ELECTRICO-MX-3-1.jpeg 1200w\" sizes=\"auto, (max-width: 1024px) 100vw, 1024px\" \/><figcaption>El sistema BRT, o la implementaci\u00f3n del Metrob\u00fas en la ciudad de Esperanza, tiene un recorrido lineal, que permite conectar la ciudad de norte a sur y viceversa. <\/figcaption><\/figure>\n\n\n\n<p>En este sentido, Muller explico que en el diagrama de su proyecto, \u201cse describe la posibilidad de una convivencia posible entre los distintos formas de transporte y la simbiosis entre los remises y el Sistema de Transporte\u201d.<\/p>\n\n\n\n<p>Despu\u00e9s de tantas idas y vueltas, resta esperar a que el Ejecutivo abra el dialogo con un proyecto de Transporte de Transporte Publico, con estudios y verificaciones a acordes a una ciudad que necesita capitalizar plenamente las lecciones obtenidas en el pasado para mejorar su implementaci\u00f3n.<\/p>\n<!-- AddThis Advanced Settings generic via filter on the_content --><!-- AddThis Share Buttons generic via filter on the_content -->","protected":false},"excerpt":{"rendered":"<p>Presentado formalmente el a\u00f1o pasado, por el bloque que representa el concejal Rodrigo Muller, el proyecto [&hellip;]<!-- AddThis Advanced Settings generic via filter on get_the_excerpt --><!-- AddThis Share Buttons generic via filter on get_the_excerpt --><\/p>\n","protected":false},"author":16,"featured_media":33256,"comment_status":"open","ping_status":"open","sticky":false,"template":"","format":"standard","meta":{"_seopress_robots_primary_cat":"none","_seopress_titles_title":"","_seopress_titles_desc":"","_seopress_robots_index":"","_themeisle_gutenberg_block_has_review":false,"footnotes":""},"categories":[2,47,9,317],"tags":[],"class_list":["post-33252","post","type-post","status-publish","format-standard","has-post-thumbnail","hentry","category-actualidad","category-locales","category-politica","category-transporte"],"_links":{"self":[{"href":"https:\/\/www.almargenweb.com.ar\/web\/wp-json\/wp\/v2\/posts\/33252","targetHints":{"allow":["GET"]}}],"collection":[{"href":"https:\/\/www.almargenweb.com.ar\/web\/wp-json\/wp\/v2\/posts"}],"about":[{"href":"https:\/\/www.almargenweb.com.ar\/web\/wp-json\/wp\/v2\/types\/post"}],"author":[{"embeddable":true,"href":"https:\/\/www.almargenweb.com.ar\/web\/wp-json\/wp\/v2\/users\/16"}],"replies":[{"embeddable":true,"href":"https:\/\/www.almargenweb.com.ar\/web\/wp-json\/wp\/v2\/comments?post=33252"}],"version-history":[{"count":1,"href":"https:\/\/www.almargenweb.com.ar\/web\/wp-json\/wp\/v2\/posts\/33252\/revisions"}],"predecessor-version":[{"id":33257,"href":"https:\/\/www.almargenweb.com.ar\/web\/wp-json\/wp\/v2\/posts\/33252\/revisions\/33257"}],"wp:featuredmedia":[{"embeddable":true,"href":"https:\/\/www.almargenweb.com.ar\/web\/wp-json\/wp\/v2\/media\/33256"}],"wp:attachment":[{"href":"https:\/\/www.almargenweb.com.ar\/web\/wp-json\/wp\/v2\/media?parent=33252"}],"wp:term":[{"taxonomy":"category","embeddable":true,"href":"https:\/\/www.almargenweb.com.ar\/web\/wp-json\/wp\/v2\/categories?post=33252"},{"taxonomy":"post_tag","embeddable":true,"href":"https:\/\/www.almargenweb.com.ar\/web\/wp-json\/wp\/v2\/tags?post=33252"}],"curies":[{"name":"wp","href":"https:\/\/api.w.org\/{rel}","templated":true}]}}