{"id":33237,"date":"2021-01-31T11:45:41","date_gmt":"2021-01-31T14:45:41","guid":{"rendered":"http:\/\/www.almargenweb.com.ar\/web\/?p=33237"},"modified":"2021-01-31T11:45:42","modified_gmt":"2021-01-31T14:45:42","slug":"en-la-provincia-el-distanciamiento-social-continua-hasta-el-28-de-febrero","status":"publish","type":"post","link":"https:\/\/www.almargenweb.com.ar\/web\/en-la-provincia-el-distanciamiento-social-continua-hasta-el-28-de-febrero\/","title":{"rendered":"En la provincia, el distanciamiento social contin\u00faa hasta el 28 de febrero"},"content":{"rendered":"\n<p>A trav\u00e9s del decreto 0051, la provincia de Santa Fe adhiri\u00f3 este s\u00e1bado a las disposiciones del Decreto de Necesidad y Urgencia (DNU) N\u00b0 67\/21 del Poder Ejecutivo Nacional; por cuyo art\u00edculo 2\u00b0 se establece hasta el d\u00eda 28 de febrero de 2021 inclusive, el &#8220;distanciamiento social, preventivo y obligatorio&#8221; ( DISPO) para todas las personas que residan o transiten en las provincias argentinas.<\/p>\n\n\n\n<p>Adem\u00e1s, se prorrogaron, desde su vencimiento y hasta el 28 de febrero de 2021 inclusive, la validez y vigencia de las habilitaciones, permisos, licencias o autorizaciones que otorga la Provincia o cualquiera de sus reparticiones dependientes del Poder Ejecutivo, cuyo vencimiento opere con anterioridad a esa fecha; y cuya renovaci\u00f3n deba tramitarse indefectiblemente de manera presencial en las reparticiones p\u00fablicas correspondientes.<\/p>\n\n\n\n<p>Las actividades deportivas y art\u00edsticas solo podr\u00e1n realizarse con cumplimiento de las pautas de higiene y cuidado y respetando los protocolos de cada una de ellas. En lugares cerrados, la concurrencia no podr\u00e1 ser superior a 10 personas.<\/p>\n<!-- AddThis Advanced Settings generic via filter on the_content --><!-- AddThis Share Buttons generic via filter on the_content -->","protected":false},"excerpt":{"rendered":"<p>A trav\u00e9s del decreto 0051, la provincia de Santa Fe adhiri\u00f3 este s\u00e1bado a las disposiciones [&hellip;]<!-- AddThis Advanced Settings generic via filter on get_the_excerpt --><!-- AddThis Share Buttons generic via filter on get_the_excerpt --><\/p>\n","protected":false},"author":16,"featured_media":33239,"comment_status":"open","ping_status":"open","sticky":false,"template":"","format":"standard","meta":{"_seopress_robots_primary_cat":"none","_seopress_titles_title":"","_seopress_titles_desc":"","_seopress_robots_index":"","_themeisle_gutenberg_block_has_review":false,"footnotes":""},"categories":[2,15],"tags":[],"class_list":["post-33237","post","type-post","status-publish","format-standard","has-post-thumbnail","hentry","category-actualidad","category-salud"],"_links":{"self":[{"href":"https:\/\/www.almargenweb.com.ar\/web\/wp-json\/wp\/v2\/posts\/33237","targetHints":{"allow":["GET"]}}],"collection":[{"href":"https:\/\/www.almargenweb.com.ar\/web\/wp-json\/wp\/v2\/posts"}],"about":[{"href":"https:\/\/www.almargenweb.com.ar\/web\/wp-json\/wp\/v2\/types\/post"}],"author":[{"embeddable":true,"href":"https:\/\/www.almargenweb.com.ar\/web\/wp-json\/wp\/v2\/users\/16"}],"replies":[{"embeddable":true,"href":"https:\/\/www.almargenweb.com.ar\/web\/wp-json\/wp\/v2\/comments?post=33237"}],"version-history":[{"count":1,"href":"https:\/\/www.almargenweb.com.ar\/web\/wp-json\/wp\/v2\/posts\/33237\/revisions"}],"predecessor-version":[{"id":33240,"href":"https:\/\/www.almargenweb.com.ar\/web\/wp-json\/wp\/v2\/posts\/33237\/revisions\/33240"}],"wp:featuredmedia":[{"embeddable":true,"href":"https:\/\/www.almargenweb.com.ar\/web\/wp-json\/wp\/v2\/media\/33239"}],"wp:attachment":[{"href":"https:\/\/www.almargenweb.com.ar\/web\/wp-json\/wp\/v2\/media?parent=33237"}],"wp:term":[{"taxonomy":"category","embeddable":true,"href":"https:\/\/www.almargenweb.com.ar\/web\/wp-json\/wp\/v2\/categories?post=33237"},{"taxonomy":"post_tag","embeddable":true,"href":"https:\/\/www.almargenweb.com.ar\/web\/wp-json\/wp\/v2\/tags?post=33237"}],"curies":[{"name":"wp","href":"https:\/\/api.w.org\/{rel}","templated":true}]}}