{"id":33228,"date":"2021-01-31T11:36:02","date_gmt":"2021-01-31T14:36:02","guid":{"rendered":"http:\/\/www.almargenweb.com.ar\/web\/?p=33228"},"modified":"2021-01-31T11:36:03","modified_gmt":"2021-01-31T14:36:03","slug":"salud-importante-donacion-de-organos-en-venado-turno","status":"publish","type":"post","link":"https:\/\/www.almargenweb.com.ar\/web\/salud-importante-donacion-de-organos-en-venado-turno\/","title":{"rendered":"Salud; importante donaci\u00f3n de \u00f3rganos en Venado Turno"},"content":{"rendered":"\n<p>El Ministerio de Salud de la provincia de Santa Fe, en conjunto con el Centro \u00danico de Donaci\u00f3n, Ablaci\u00f3n e Implantes de \u00d3rganos (CUDAIO), informaron que se realiz\u00f3 en Venado Turto, una movilizaci\u00f3n de equipos m\u00e9dicos para trasladar \u00f3rganos con urgencia a otras provincias.<\/p>\n\n\n\n<p>Desde CUDAIO confirmaron que los \u00f3rganos extra\u00eddos fueron el h\u00edgado, los dos ri\u00f1ones y los dos pulmones. Estos \u00faltimos se utilizaron para un trasplante bipulmonar en un caso que estaba en emergencia nacional, por lo que puede decirse que salvaron una vida. Adem\u00e1s se donaron las c\u00f3rneas y las v\u00e1lvulas card\u00edacas.<\/p>\n\n\n\n<figure class=\"wp-block-image size-large\"><img loading=\"lazy\" decoding=\"async\" width=\"615\" height=\"461\" src=\"https:\/\/www.almargenweb.com.ar\/web\/wp-content\/uploads\/2021\/01\/imagen_26613.jpeg\" alt=\"\" class=\"wp-image-33230\" srcset=\"https:\/\/www.almargenweb.com.ar\/web\/wp-content\/uploads\/2021\/01\/imagen_26613.jpeg 615w, https:\/\/www.almargenweb.com.ar\/web\/wp-content\/uploads\/2021\/01\/imagen_26613-300x225.jpeg 300w\" sizes=\"auto, (max-width: 615px) 100vw, 615px\" \/><figcaption>Donar Organos Salva Vidas; La cl\u00ednica San Mart\u00edn, fue el nosocomio donde se realizaron las ablaciones m\u00faltiples. <\/figcaption><\/figure>\n\n\n\n<p>Desde la cl\u00ednica venadense, explicaron que \u201clas ablaciones m\u00faltiples implican una intervenci\u00f3n m\u00e9dica y una movilizaci\u00f3n log\u00edstica que sobrepasa en mucho a la operatoria habitual de cualquier sanatorio&#8221;<\/p>\n\n\n\n<p>El director de la cl\u00ednica San Mart\u00edn agrego que est\u00e1n &#8220;orgullosos de que esta donaci\u00f3n haya salido bien en ese sentido, porque benefici\u00f3 a tantos pacientes de la lista de espera y puso a prueba exitosamente la coordinaci\u00f3n de tantas instituciones y personas que intervinieron\u201d.<\/p>\n<!-- AddThis Advanced Settings generic via filter on the_content --><!-- AddThis Share Buttons generic via filter on the_content -->","protected":false},"excerpt":{"rendered":"<p>El Ministerio de Salud de la provincia de Santa Fe, en conjunto con el Centro \u00danico [&hellip;]<!-- AddThis Advanced Settings generic via filter on get_the_excerpt --><!-- AddThis Share Buttons generic via filter on get_the_excerpt --><\/p>\n","protected":false},"author":16,"featured_media":33231,"comment_status":"open","ping_status":"open","sticky":false,"template":"","format":"standard","meta":{"_seopress_robots_primary_cat":"none","_seopress_titles_title":"","_seopress_titles_desc":"","_seopress_robots_index":"","_themeisle_gutenberg_block_has_review":false,"footnotes":""},"categories":[2,15],"tags":[],"class_list":["post-33228","post","type-post","status-publish","format-standard","has-post-thumbnail","hentry","category-actualidad","category-salud"],"_links":{"self":[{"href":"https:\/\/www.almargenweb.com.ar\/web\/wp-json\/wp\/v2\/posts\/33228","targetHints":{"allow":["GET"]}}],"collection":[{"href":"https:\/\/www.almargenweb.com.ar\/web\/wp-json\/wp\/v2\/posts"}],"about":[{"href":"https:\/\/www.almargenweb.com.ar\/web\/wp-json\/wp\/v2\/types\/post"}],"author":[{"embeddable":true,"href":"https:\/\/www.almargenweb.com.ar\/web\/wp-json\/wp\/v2\/users\/16"}],"replies":[{"embeddable":true,"href":"https:\/\/www.almargenweb.com.ar\/web\/wp-json\/wp\/v2\/comments?post=33228"}],"version-history":[{"count":1,"href":"https:\/\/www.almargenweb.com.ar\/web\/wp-json\/wp\/v2\/posts\/33228\/revisions"}],"predecessor-version":[{"id":33232,"href":"https:\/\/www.almargenweb.com.ar\/web\/wp-json\/wp\/v2\/posts\/33228\/revisions\/33232"}],"wp:featuredmedia":[{"embeddable":true,"href":"https:\/\/www.almargenweb.com.ar\/web\/wp-json\/wp\/v2\/media\/33231"}],"wp:attachment":[{"href":"https:\/\/www.almargenweb.com.ar\/web\/wp-json\/wp\/v2\/media?parent=33228"}],"wp:term":[{"taxonomy":"category","embeddable":true,"href":"https:\/\/www.almargenweb.com.ar\/web\/wp-json\/wp\/v2\/categories?post=33228"},{"taxonomy":"post_tag","embeddable":true,"href":"https:\/\/www.almargenweb.com.ar\/web\/wp-json\/wp\/v2\/tags?post=33228"}],"curies":[{"name":"wp","href":"https:\/\/api.w.org\/{rel}","templated":true}]}}