{"id":33179,"date":"2021-01-29T12:29:32","date_gmt":"2021-01-29T15:29:32","guid":{"rendered":"http:\/\/www.almargenweb.com.ar\/web\/?p=33179"},"modified":"2021-01-29T12:29:33","modified_gmt":"2021-01-29T15:29:33","slug":"de-la-inoperancia-al-falso-orgullo-los-badenes-de-plaza-san-martin-son-una-metafora-de-la-gestion-meiners","status":"publish","type":"post","link":"https:\/\/www.almargenweb.com.ar\/web\/de-la-inoperancia-al-falso-orgullo-los-badenes-de-plaza-san-martin-son-una-metafora-de-la-gestion-meiners\/","title":{"rendered":"De la inoperancia al falso orgullo; los badenes de Plaza San Mart\u00edn son una met\u00e1fora de la gesti\u00f3n Meiners."},"content":{"rendered":"\n<p>La reconstrucci\u00f3n total de los badenes de Plaza San Mart\u00edn, en pleno centro de la ciudad de Esperanza, es un claro ejemplo de como una gesti\u00f3n se puede desgraciar en la l\u00f3gica de las edificaciones, la est\u00e9tica y el buen gusto de una ciudad.<br>Desde sus cimientos fue una obra cuestionada, nadie puede asegurar si hubo fallas en la construcci\u00f3n, sin embargo todos estamos en condiciones de asegurar que no es una obra funcional. Con un drenaje malo, el agua estancada en la calzada interna, luego de las lluvias, acciono para que el cemento fuera cediendo y el pasar obligado de los veh\u00edculos, hizo el resto.<\/p>\n\n\n\n<p>Se necesitaron muchos reclamos por parte de comerciantes, vecinos, transe\u00fantes. Los vecinos cansados de los badenes rotos, en alg\u00fan punto, con el sentimiento que nos hab\u00edan vedado la circulaci\u00f3n por el centro de nuestra propia ciudad.<\/p>\n\n\n\n<figure class=\"wp-block-image size-large\"><img loading=\"lazy\" decoding=\"async\" width=\"1024\" height=\"768\" src=\"https:\/\/www.almargenweb.com.ar\/web\/wp-content\/uploads\/2021\/01\/Badenes-plaza-reconstruccion-2021-A.jpg\" alt=\"\" class=\"wp-image-33182\" srcset=\"https:\/\/www.almargenweb.com.ar\/web\/wp-content\/uploads\/2021\/01\/Badenes-plaza-reconstruccion-2021-A.jpg 1024w, https:\/\/www.almargenweb.com.ar\/web\/wp-content\/uploads\/2021\/01\/Badenes-plaza-reconstruccion-2021-A-300x225.jpg 300w, https:\/\/www.almargenweb.com.ar\/web\/wp-content\/uploads\/2021\/01\/Badenes-plaza-reconstruccion-2021-A-768x576.jpg 768w\" sizes=\"auto, (max-width: 1024px) 100vw, 1024px\" \/><figcaption>Badenes si, Badenes no; desde su concepci\u00f3n fue una obra poco funcional para su fin, ordenar el transito. <\/figcaption><\/figure>\n\n\n\n<p>Los ediles, mantuvieron el tema en agenda, sin encontrar aprobaci\u00f3n de obra. Los numerosos pedidos del concejal por el bloque UCR, Rodrigo Muller, hicieron mella y por fin, se aprob\u00f3 la obra de reparaci\u00f3n total de los badenes destruidos en Plaza San Mart\u00edn.<\/p>\n\n\n\n<figure class=\"wp-block-image size-large\"><img loading=\"lazy\" decoding=\"async\" width=\"696\" height=\"464\" src=\"https:\/\/www.almargenweb.com.ar\/web\/wp-content\/uploads\/2021\/01\/185373-2.jpg\" alt=\"\" class=\"wp-image-33183\" srcset=\"https:\/\/www.almargenweb.com.ar\/web\/wp-content\/uploads\/2021\/01\/185373-2.jpg 696w, https:\/\/www.almargenweb.com.ar\/web\/wp-content\/uploads\/2021\/01\/185373-2-300x200.jpg 300w\" sizes=\"auto, (max-width: 696px) 100vw, 696px\" \/><figcaption>Los vecinos de esperanza siguen a la espera de una unidad de traslado medico, para el 107. <\/figcaption><\/figure>\n\n\n\n<p>Llama la atenci\u00f3n la falta de reflejos de esta gesti\u00f3n para con las necesidades de una ciudad como Esperanza. Una ciudad con 55 mil habitantes que todav\u00eda siguen esperando la reparaci\u00f3n o reemplazo de una ambulancia para el servicio de Emergencia 107, de extremada necesidad en \u00e9poca de pandemia por coronavirus, ya que con una sola unidad es dificultosa la eficiencia medica para todos los vecinos. <br>Dicen que los gobiernos basan sus mandatos en prioridades. Las de esta gesti\u00f3n Meiners, resultan muy curiosas.<\/p>\n<!-- AddThis Advanced Settings generic via filter on the_content --><!-- AddThis Share Buttons generic via filter on the_content -->","protected":false},"excerpt":{"rendered":"<p>La reconstrucci\u00f3n total de los badenes de Plaza San Mart\u00edn, en pleno centro de la ciudad [&hellip;]<!-- AddThis Advanced Settings generic via filter on get_the_excerpt --><!-- AddThis Share Buttons generic via filter on get_the_excerpt --><\/p>\n","protected":false},"author":16,"featured_media":33181,"comment_status":"open","ping_status":"open","sticky":false,"template":"","format":"standard","meta":{"_seopress_robots_primary_cat":"none","_seopress_titles_title":"","_seopress_titles_desc":"","_seopress_robots_index":"","_themeisle_gutenberg_block_has_review":false,"footnotes":""},"categories":[2,47,24,9],"tags":[],"class_list":["post-33179","post","type-post","status-publish","format-standard","has-post-thumbnail","hentry","category-actualidad","category-locales","category-obras-publicas","category-politica"],"_links":{"self":[{"href":"https:\/\/www.almargenweb.com.ar\/web\/wp-json\/wp\/v2\/posts\/33179","targetHints":{"allow":["GET"]}}],"collection":[{"href":"https:\/\/www.almargenweb.com.ar\/web\/wp-json\/wp\/v2\/posts"}],"about":[{"href":"https:\/\/www.almargenweb.com.ar\/web\/wp-json\/wp\/v2\/types\/post"}],"author":[{"embeddable":true,"href":"https:\/\/www.almargenweb.com.ar\/web\/wp-json\/wp\/v2\/users\/16"}],"replies":[{"embeddable":true,"href":"https:\/\/www.almargenweb.com.ar\/web\/wp-json\/wp\/v2\/comments?post=33179"}],"version-history":[{"count":1,"href":"https:\/\/www.almargenweb.com.ar\/web\/wp-json\/wp\/v2\/posts\/33179\/revisions"}],"predecessor-version":[{"id":33184,"href":"https:\/\/www.almargenweb.com.ar\/web\/wp-json\/wp\/v2\/posts\/33179\/revisions\/33184"}],"wp:featuredmedia":[{"embeddable":true,"href":"https:\/\/www.almargenweb.com.ar\/web\/wp-json\/wp\/v2\/media\/33181"}],"wp:attachment":[{"href":"https:\/\/www.almargenweb.com.ar\/web\/wp-json\/wp\/v2\/media?parent=33179"}],"wp:term":[{"taxonomy":"category","embeddable":true,"href":"https:\/\/www.almargenweb.com.ar\/web\/wp-json\/wp\/v2\/categories?post=33179"},{"taxonomy":"post_tag","embeddable":true,"href":"https:\/\/www.almargenweb.com.ar\/web\/wp-json\/wp\/v2\/tags?post=33179"}],"curies":[{"name":"wp","href":"https:\/\/api.w.org\/{rel}","templated":true}]}}