{"id":33150,"date":"2021-01-28T08:58:51","date_gmt":"2021-01-28T11:58:51","guid":{"rendered":"http:\/\/www.almargenweb.com.ar\/web\/?p=33150"},"modified":"2021-01-28T08:58:52","modified_gmt":"2021-01-28T11:58:52","slug":"rodrigo-muller-pide-que-los-35-millones-de-pesos-recibidos-por-el-covid-19-se-inviertan-en-una-ambulancia","status":"publish","type":"post","link":"https:\/\/www.almargenweb.com.ar\/web\/rodrigo-muller-pide-que-los-35-millones-de-pesos-recibidos-por-el-covid-19-se-inviertan-en-una-ambulancia\/","title":{"rendered":"Rodrigo M\u00fcller pide que los 3,5 millones de pesos recibidos por el COVID-19 se inviertan en una ambulancia."},"content":{"rendered":"\n<p>El Servicio de Emergencias M\u00e9dicas 107 en la ciudad cuenta solamente con una ambulancia para atender los casos de urgencias y emergencias y las funciones de traslado de pacientes, esto es insuficiente y cualquier persona puede encontrarse ante la situaci\u00f3n de que no pueda prestarse el servicio.<\/p>\n\n\n\n<p>Nuestra poblaci\u00f3n seg\u00fan el IPEC (Instituto Provincial de Estad\u00edsticas y Censos) se estimaba en 53.000 personas para el 2020 por lo que una ambulancia es insuficiente. Si bien existe un servicio privado que act\u00faa subsidiariamente, muchas veces no puede suplir las urgencias dado que debe atender las de sus propios asociados.<\/p>\n\n\n\n<p>Este pedido surge debido a que en la \u00faltima semana la Municipalidad ha recibido fondos provenientes del Programa de Atenci\u00f3n a Gobiernos Locales-Emergencia COVID-19 cuya suma es de $ 3.500.000 (tres millones quinientos mil pesos).<\/p>\n\n\n\n<figure class=\"wp-block-image size-large\"><img loading=\"lazy\" decoding=\"async\" width=\"600\" height=\"399\" src=\"https:\/\/www.almargenweb.com.ar\/web\/wp-content\/uploads\/2021\/01\/1577636935-1.jpg\" alt=\"\" class=\"wp-image-33153\" srcset=\"https:\/\/www.almargenweb.com.ar\/web\/wp-content\/uploads\/2021\/01\/1577636935-1.jpg 600w, https:\/\/www.almargenweb.com.ar\/web\/wp-content\/uploads\/2021\/01\/1577636935-1-300x200.jpg 300w\" sizes=\"auto, (max-width: 600px) 100vw, 600px\" \/><figcaption>&#8220;Aspiro y hago votos para la toma de conciencia de los distintos niveles del Estado asuman que esta es una prioridad impostergable para la ciudad&#8221; manifest\u00f3 el concejal M\u00fcller <\/figcaption><\/figure>\n\n\n\n<p>En tal sentido; al igual que la Diputada Jimena Senn, el concejal ahora a trav\u00e9s de un Proyecto de Comunicaci\u00f3n solicita que dichos fondos provenientes de del gobierno provincial puedan ser utilizados para el arreglo, puesta en funcionamiento y\/o subsidiariamente la compra de una nueva ambulancia para el Servicios de Emergencias M\u00e9dicas 107 de la ciudad.<\/p>\n\n\n\n<p>En dicho proyecto tambi\u00e9n requiere que en caso que se decida adquirir una nueva ambulancia se realicen las gestiones dentro del Programa de Atenci\u00f3n a Gobiernos Locales-Emergencia COVID-19 para la obtenci\u00f3n de los fondos faltantes para el nuevo veh\u00edculo.<\/p>\n\n\n\n<p><\/p>\n<!-- AddThis Advanced Settings generic via filter on the_content --><!-- AddThis Share Buttons generic via filter on the_content -->","protected":false},"excerpt":{"rendered":"<p>El Servicio de Emergencias M\u00e9dicas 107 en la ciudad cuenta solamente con una ambulancia para atender [&hellip;]<!-- AddThis Advanced Settings generic via filter on get_the_excerpt --><!-- AddThis Share Buttons generic via filter on get_the_excerpt --><\/p>\n","protected":false},"author":16,"featured_media":33152,"comment_status":"open","ping_status":"open","sticky":false,"template":"","format":"standard","meta":{"_seopress_robots_primary_cat":"none","_seopress_titles_title":"","_seopress_titles_desc":"","_seopress_robots_index":"","_themeisle_gutenberg_block_has_review":false,"footnotes":""},"categories":[2,9,15],"tags":[],"class_list":["post-33150","post","type-post","status-publish","format-standard","has-post-thumbnail","hentry","category-actualidad","category-politica","category-salud"],"_links":{"self":[{"href":"https:\/\/www.almargenweb.com.ar\/web\/wp-json\/wp\/v2\/posts\/33150","targetHints":{"allow":["GET"]}}],"collection":[{"href":"https:\/\/www.almargenweb.com.ar\/web\/wp-json\/wp\/v2\/posts"}],"about":[{"href":"https:\/\/www.almargenweb.com.ar\/web\/wp-json\/wp\/v2\/types\/post"}],"author":[{"embeddable":true,"href":"https:\/\/www.almargenweb.com.ar\/web\/wp-json\/wp\/v2\/users\/16"}],"replies":[{"embeddable":true,"href":"https:\/\/www.almargenweb.com.ar\/web\/wp-json\/wp\/v2\/comments?post=33150"}],"version-history":[{"count":1,"href":"https:\/\/www.almargenweb.com.ar\/web\/wp-json\/wp\/v2\/posts\/33150\/revisions"}],"predecessor-version":[{"id":33154,"href":"https:\/\/www.almargenweb.com.ar\/web\/wp-json\/wp\/v2\/posts\/33150\/revisions\/33154"}],"wp:featuredmedia":[{"embeddable":true,"href":"https:\/\/www.almargenweb.com.ar\/web\/wp-json\/wp\/v2\/media\/33152"}],"wp:attachment":[{"href":"https:\/\/www.almargenweb.com.ar\/web\/wp-json\/wp\/v2\/media?parent=33150"}],"wp:term":[{"taxonomy":"category","embeddable":true,"href":"https:\/\/www.almargenweb.com.ar\/web\/wp-json\/wp\/v2\/categories?post=33150"},{"taxonomy":"post_tag","embeddable":true,"href":"https:\/\/www.almargenweb.com.ar\/web\/wp-json\/wp\/v2\/tags?post=33150"}],"curies":[{"name":"wp","href":"https:\/\/api.w.org\/{rel}","templated":true}]}}