{"id":33131,"date":"2021-01-27T12:03:45","date_gmt":"2021-01-27T15:03:45","guid":{"rendered":"http:\/\/www.almargenweb.com.ar\/web\/?p=33131"},"modified":"2021-01-27T12:03:46","modified_gmt":"2021-01-27T15:03:46","slug":"todavia-no-es-prudente-recomendar-la-ivermectina-para-covid-19","status":"publish","type":"post","link":"https:\/\/www.almargenweb.com.ar\/web\/todavia-no-es-prudente-recomendar-la-ivermectina-para-covid-19\/","title":{"rendered":"Todav\u00eda no es &#8220;prudente&#8221; recomendar la ivermectina para Covid-19"},"content":{"rendered":"\n<p>&#8220;La ivermectina es un antiparasitario que en teor\u00eda lo que har\u00eda es evitar la replicaci\u00f3n viral, pero la realidad es que a\u00fan no hay informaci\u00f3n contundente para recomendarlo&#8221;, se\u00f1al\u00f3 Jorge Tartaglione, presidente de la Fundaci\u00f3n Cardiol\u00f3gica Argentina (FCA).<\/p>\n\n\n\n<p>Pese a que cinco provincias recomendaron su uso para tratamiento de pacientes con Covid-19 o en la prevenci\u00f3n de personal de salud, especialistas advierten que la ivermectina no fue todav\u00eda aprobada por la Anmat para estos fines y que la evidencia cient\u00edfica a\u00fan no es suficiente para concluir su eficacia, por lo que pidieron &#8220;no apurarse con esta indicaci\u00f3n&#8221; y recordaron a la poblaci\u00f3n que no debe &#8220;automedicarse&#8221;.<\/p>\n\n\n\n<figure class=\"wp-block-image size-large\"><img loading=\"lazy\" decoding=\"async\" width=\"990\" height=\"557\" src=\"https:\/\/www.almargenweb.com.ar\/web\/wp-content\/uploads\/2021\/01\/15859886575402.jpg\" alt=\"\" class=\"wp-image-33134\" srcset=\"https:\/\/www.almargenweb.com.ar\/web\/wp-content\/uploads\/2021\/01\/15859886575402.jpg 990w, https:\/\/www.almargenweb.com.ar\/web\/wp-content\/uploads\/2021\/01\/15859886575402-300x169.jpg 300w, https:\/\/www.almargenweb.com.ar\/web\/wp-content\/uploads\/2021\/01\/15859886575402-768x432.jpg 768w\" sizes=\"auto, (max-width: 990px) 100vw, 990px\" \/><figcaption>No existen publicaciones cient\u00edficas que aseguren los resultados deseados, tratando pacientes con dosis de ivermectina.<\/figcaption><\/figure>\n\n\n\n<p>Desde que comenz\u00f3 la pandemia se realizaron en todo el mundo, incluyendo Argentina, estudios en dos l\u00edneas: como tratamiento (para ver si disminuye la gravedad de la infecci\u00f3n por coronavirus y la mortalidad) y como prevenci\u00f3n (para evitar la enfermedad).<\/p>\n\n\n\n<p>&#8220;No basta que haya estudios cl\u00ednicos sino que la calidad de esos estudios tiene que ser la adecuada, y esto no se mide s\u00f3lo por la cantidad de personas participan, sino que es importante que el dise\u00f1o de esos ensayos sea bueno para poder afirmar que las conclusiones que se obtienen son fieles a la realidad&#8221;, se\u00f1al\u00f3 Scapellato, integrante de la Sociedad Argentina de Infectolog\u00eda (SADI) y profesor titular de medicina Universidad Fundaci\u00f3n Favaloro.<\/p>\n<!-- AddThis Advanced Settings generic via filter on the_content --><!-- AddThis Share Buttons generic via filter on the_content -->","protected":false},"excerpt":{"rendered":"<p>&#8220;La ivermectina es un antiparasitario que en teor\u00eda lo que har\u00eda es evitar la replicaci\u00f3n viral, [&hellip;]<!-- AddThis Advanced Settings generic via filter on get_the_excerpt --><!-- AddThis Share Buttons generic via filter on get_the_excerpt --><\/p>\n","protected":false},"author":16,"featured_media":33133,"comment_status":"open","ping_status":"open","sticky":false,"template":"","format":"standard","meta":{"_seopress_robots_primary_cat":"none","_seopress_titles_title":"","_seopress_titles_desc":"","_seopress_robots_index":"","_themeisle_gutenberg_block_has_review":false,"footnotes":""},"categories":[2,19,15],"tags":[],"class_list":["post-33131","post","type-post","status-publish","format-standard","has-post-thumbnail","hentry","category-actualidad","category-educacion","category-salud"],"_links":{"self":[{"href":"https:\/\/www.almargenweb.com.ar\/web\/wp-json\/wp\/v2\/posts\/33131","targetHints":{"allow":["GET"]}}],"collection":[{"href":"https:\/\/www.almargenweb.com.ar\/web\/wp-json\/wp\/v2\/posts"}],"about":[{"href":"https:\/\/www.almargenweb.com.ar\/web\/wp-json\/wp\/v2\/types\/post"}],"author":[{"embeddable":true,"href":"https:\/\/www.almargenweb.com.ar\/web\/wp-json\/wp\/v2\/users\/16"}],"replies":[{"embeddable":true,"href":"https:\/\/www.almargenweb.com.ar\/web\/wp-json\/wp\/v2\/comments?post=33131"}],"version-history":[{"count":1,"href":"https:\/\/www.almargenweb.com.ar\/web\/wp-json\/wp\/v2\/posts\/33131\/revisions"}],"predecessor-version":[{"id":33135,"href":"https:\/\/www.almargenweb.com.ar\/web\/wp-json\/wp\/v2\/posts\/33131\/revisions\/33135"}],"wp:featuredmedia":[{"embeddable":true,"href":"https:\/\/www.almargenweb.com.ar\/web\/wp-json\/wp\/v2\/media\/33133"}],"wp:attachment":[{"href":"https:\/\/www.almargenweb.com.ar\/web\/wp-json\/wp\/v2\/media?parent=33131"}],"wp:term":[{"taxonomy":"category","embeddable":true,"href":"https:\/\/www.almargenweb.com.ar\/web\/wp-json\/wp\/v2\/categories?post=33131"},{"taxonomy":"post_tag","embeddable":true,"href":"https:\/\/www.almargenweb.com.ar\/web\/wp-json\/wp\/v2\/tags?post=33131"}],"curies":[{"name":"wp","href":"https:\/\/api.w.org\/{rel}","templated":true}]}}