{"id":33126,"date":"2021-01-27T11:15:53","date_gmt":"2021-01-27T14:15:53","guid":{"rendered":"http:\/\/www.almargenweb.com.ar\/web\/?p=33126"},"modified":"2021-01-27T17:04:34","modified_gmt":"2021-01-27T20:04:34","slug":"humbolt-a-un-ano-del-femicidio-de-noelia-oschstadt-los-vecinos-se-movilizaran-hoy-por-la-tarde","status":"publish","type":"post","link":"https:\/\/www.almargenweb.com.ar\/web\/humbolt-a-un-ano-del-femicidio-de-noelia-oschstadt-los-vecinos-se-movilizaran-hoy-por-la-tarde\/","title":{"rendered":"Humbolt; a un a\u00f1o del femicidio de Noelia Oschstadt, los vecinos se movilizaran hoy por la tarde"},"content":{"rendered":"\n<p>Un a\u00f1o atr\u00e1s, Noelia Oschstadt  era asesinada a sangre fr\u00eda de un escopetazo perpetuado por su ex pareja, en frente de su hijo de 7 a\u00f1o, en la v\u00eda p\u00fablica de la vecina localidad de Humbolt. Un hecho repudiable que sin dudas alcanzo magnitudes nacionales y engroso las estad\u00edsticas de mujeres asesinadas en similares condiciones.<\/p>\n\n\n\n<p>Hoy mi\u00e9rcoles, a partir de los 18.30, los vecinos de Humbolt, acompa\u00f1an a la familia de Noelia Oschstadt, en una marcha por las calles del vecino pueblo, en conmemoraci\u00f3n del aberrante hecho. <\/p>\n\n\n\n<p>  El equipo de Genero de la Comuna de Humbolt y el Movimiento de Mujeres Autoconvocadas hacen extensiva la invitaci\u00f3n a todos quienes quieran acompa\u00f1ar y reflexionar junto a la famila Oschstadt.<\/p>\n<!-- AddThis Advanced Settings generic via filter on the_content --><!-- AddThis Share Buttons generic via filter on the_content -->","protected":false},"excerpt":{"rendered":"<p>Un a\u00f1o atr\u00e1s, Noelia Oschstadt era asesinada a sangre fr\u00eda de un escopetazo perpetuado por su [&hellip;]<!-- AddThis Advanced Settings generic via filter on get_the_excerpt --><!-- AddThis Share Buttons generic via filter on get_the_excerpt --><\/p>\n","protected":false},"author":16,"featured_media":33128,"comment_status":"open","ping_status":"open","sticky":false,"template":"","format":"standard","meta":{"_seopress_robots_primary_cat":"none","_seopress_titles_title":"","_seopress_titles_desc":"","_seopress_robots_index":"","_themeisle_gutenberg_block_has_review":false,"footnotes":""},"categories":[2,20,21],"tags":[],"class_list":["post-33126","post","type-post","status-publish","format-standard","has-post-thumbnail","hentry","category-actualidad","category-departamentales","category-las-colonias"],"_links":{"self":[{"href":"https:\/\/www.almargenweb.com.ar\/web\/wp-json\/wp\/v2\/posts\/33126","targetHints":{"allow":["GET"]}}],"collection":[{"href":"https:\/\/www.almargenweb.com.ar\/web\/wp-json\/wp\/v2\/posts"}],"about":[{"href":"https:\/\/www.almargenweb.com.ar\/web\/wp-json\/wp\/v2\/types\/post"}],"author":[{"embeddable":true,"href":"https:\/\/www.almargenweb.com.ar\/web\/wp-json\/wp\/v2\/users\/16"}],"replies":[{"embeddable":true,"href":"https:\/\/www.almargenweb.com.ar\/web\/wp-json\/wp\/v2\/comments?post=33126"}],"version-history":[{"count":2,"href":"https:\/\/www.almargenweb.com.ar\/web\/wp-json\/wp\/v2\/posts\/33126\/revisions"}],"predecessor-version":[{"id":33144,"href":"https:\/\/www.almargenweb.com.ar\/web\/wp-json\/wp\/v2\/posts\/33126\/revisions\/33144"}],"wp:featuredmedia":[{"embeddable":true,"href":"https:\/\/www.almargenweb.com.ar\/web\/wp-json\/wp\/v2\/media\/33128"}],"wp:attachment":[{"href":"https:\/\/www.almargenweb.com.ar\/web\/wp-json\/wp\/v2\/media?parent=33126"}],"wp:term":[{"taxonomy":"category","embeddable":true,"href":"https:\/\/www.almargenweb.com.ar\/web\/wp-json\/wp\/v2\/categories?post=33126"},{"taxonomy":"post_tag","embeddable":true,"href":"https:\/\/www.almargenweb.com.ar\/web\/wp-json\/wp\/v2\/tags?post=33126"}],"curies":[{"name":"wp","href":"https:\/\/api.w.org\/{rel}","templated":true}]}}