{"id":33103,"date":"2021-01-26T11:21:41","date_gmt":"2021-01-26T14:21:41","guid":{"rendered":"http:\/\/www.almargenweb.com.ar\/web\/?p=33103"},"modified":"2021-01-26T11:21:42","modified_gmt":"2021-01-26T14:21:42","slug":"el-senador-michlig-reclamo-por-el-delito-rural","status":"publish","type":"post","link":"https:\/\/www.almargenweb.com.ar\/web\/el-senador-michlig-reclamo-por-el-delito-rural\/","title":{"rendered":"El Senador Michlig reclam\u00f3 por el delito rural"},"content":{"rendered":"\n<p>El Senador Provincial Felipe Michlig, canaliz\u00f3 a trav\u00e9s de un Proyecto de Comunicaci\u00f3n un nuevo pedido al Poder Ejecutivo Provincial para que &#8220;el Ministerio de Seguridad, intensifique y profundice las medidas de prevenci\u00f3n y control del delito en el departamento San Crist\u00f3bal, ante la reiteraci\u00f3n de hechos de inseguridad, en particular de abigeato (hurto de ganado o cuatrerismo), que afectan a los productores rurales con grandes p\u00e9rdidas en sus explotaciones&#8221;.<\/p>\n\n\n\n<p>&#8220;Durante el a\u00f1o 2020, reclamamos por la problem\u00e1tica existente, con proyectos dirigidos tanto al Sr Gobernador, CPN Omar Perotti, como al Ministro de Seguridad, Dr. Marcelo F. Sa\u00edn. Lamentamos volver sobre el mismo tema, pues ello demuestra que el problema est\u00e1 irresuelto.<\/p>\n\n\n\n<p>Michlig reflej\u00f3 que &#8220;el departamento San Crist\u00f3bal viene padeciendo desde hace meses gran cantidad de hechos delictivos que afectan directamente a productores rurales, comprendidos bajo la figura penal del abigeato (hurto de ganado), y faenamiento de animales en los mismos predios, que no son esclarecidos por las fuerzas de seguridad. <\/p>\n\n\n\n<p>Dichos hechos delictivos se producen en las \u00e1reas rurales, afectando particularmente a peque\u00f1os y medianos productores rurales que explotan personalmente los predios&#8221;.<\/p>\n\n\n\n<figure class=\"wp-block-image size-large\"><img loading=\"lazy\" decoding=\"async\" width=\"1024\" height=\"683\" src=\"https:\/\/www.almargenweb.com.ar\/web\/wp-content\/uploads\/2021\/01\/sesion19-11-20-1-1024x683.jpeg\" alt=\"\" class=\"wp-image-33106\" srcset=\"https:\/\/www.almargenweb.com.ar\/web\/wp-content\/uploads\/2021\/01\/sesion19-11-20-1-1024x683.jpeg 1024w, https:\/\/www.almargenweb.com.ar\/web\/wp-content\/uploads\/2021\/01\/sesion19-11-20-1-300x200.jpeg 300w, https:\/\/www.almargenweb.com.ar\/web\/wp-content\/uploads\/2021\/01\/sesion19-11-20-1-768x512.jpeg 768w, https:\/\/www.almargenweb.com.ar\/web\/wp-content\/uploads\/2021\/01\/sesion19-11-20-1.jpeg 1200w\" sizes=\"auto, (max-width: 1024px) 100vw, 1024px\" \/><figcaption>&#8220;Quiz\u00e1s resulte necesario que el Ministro le dedique m\u00e1s tiempo a la territorialidad que a las redes sociales&#8221; se\u00f1al\u00f3 el representante departamental.<\/figcaption><\/figure>\n\n\n\n<p>&#8220;En estos d\u00edas se dio cuenta en la ciudad de Ceres, de un robo de 42 vaquillonas inseminadas y un toro, que fueron cargadas directamente en un cami\u00f3n jaula, previa violaci\u00f3n de los candados de acceso al predio.- Es evidente que se est\u00e1 frente a organizaciones delictivas que tienen muy aceitado el proceso de ingreso por la fuerza a los campos, juntar el rodeo y cargarlo durante la noche, lo que demanda una coordinaci\u00f3n particular y varias personas&#8221;<\/p>\n\n\n\n<p>Sin dudas que no estamos frente a un hurto fam\u00e9lico.- El productor afectado estim\u00f3 la p\u00e9rdida econ\u00f3mica en la suma de $ 3.000.000, &#8220;manifestando su impotencia frente al saqueo y su malestar por la reiteraci\u00f3n de los hechos, con pocas respuestas de las fuerzas de seguridad&#8221;, manifest\u00f3 con gran preocupaci\u00f3n el senador.<\/p>\n<!-- AddThis Advanced Settings generic via filter on the_content --><!-- AddThis Share Buttons generic via filter on the_content -->","protected":false},"excerpt":{"rendered":"<p>El Senador Provincial Felipe Michlig, canaliz\u00f3 a trav\u00e9s de un Proyecto de Comunicaci\u00f3n un nuevo pedido [&hellip;]<!-- AddThis Advanced Settings generic via filter on get_the_excerpt --><!-- AddThis Share Buttons generic via filter on get_the_excerpt --><\/p>\n","protected":false},"author":16,"featured_media":33105,"comment_status":"open","ping_status":"open","sticky":false,"template":"","format":"standard","meta":{"_seopress_robots_primary_cat":"none","_seopress_titles_title":"","_seopress_titles_desc":"","_seopress_robots_index":"","_themeisle_gutenberg_block_has_review":false,"footnotes":""},"categories":[2,9,321],"tags":[],"class_list":["post-33103","post","type-post","status-publish","format-standard","has-post-thumbnail","hentry","category-actualidad","category-politica","category-san-cristobal"],"_links":{"self":[{"href":"https:\/\/www.almargenweb.com.ar\/web\/wp-json\/wp\/v2\/posts\/33103","targetHints":{"allow":["GET"]}}],"collection":[{"href":"https:\/\/www.almargenweb.com.ar\/web\/wp-json\/wp\/v2\/posts"}],"about":[{"href":"https:\/\/www.almargenweb.com.ar\/web\/wp-json\/wp\/v2\/types\/post"}],"author":[{"embeddable":true,"href":"https:\/\/www.almargenweb.com.ar\/web\/wp-json\/wp\/v2\/users\/16"}],"replies":[{"embeddable":true,"href":"https:\/\/www.almargenweb.com.ar\/web\/wp-json\/wp\/v2\/comments?post=33103"}],"version-history":[{"count":1,"href":"https:\/\/www.almargenweb.com.ar\/web\/wp-json\/wp\/v2\/posts\/33103\/revisions"}],"predecessor-version":[{"id":33107,"href":"https:\/\/www.almargenweb.com.ar\/web\/wp-json\/wp\/v2\/posts\/33103\/revisions\/33107"}],"wp:featuredmedia":[{"embeddable":true,"href":"https:\/\/www.almargenweb.com.ar\/web\/wp-json\/wp\/v2\/media\/33105"}],"wp:attachment":[{"href":"https:\/\/www.almargenweb.com.ar\/web\/wp-json\/wp\/v2\/media?parent=33103"}],"wp:term":[{"taxonomy":"category","embeddable":true,"href":"https:\/\/www.almargenweb.com.ar\/web\/wp-json\/wp\/v2\/categories?post=33103"},{"taxonomy":"post_tag","embeddable":true,"href":"https:\/\/www.almargenweb.com.ar\/web\/wp-json\/wp\/v2\/tags?post=33103"}],"curies":[{"name":"wp","href":"https:\/\/api.w.org\/{rel}","templated":true}]}}