{"id":33067,"date":"2021-01-25T09:52:58","date_gmt":"2021-01-25T12:52:58","guid":{"rendered":"http:\/\/www.almargenweb.com.ar\/web\/?p=33067"},"modified":"2021-01-25T09:52:59","modified_gmt":"2021-01-25T12:52:59","slug":"rafaela-realizan-controles-de-olfato-sorpresivos-en-los-ingresos","status":"publish","type":"post","link":"https:\/\/www.almargenweb.com.ar\/web\/rafaela-realizan-controles-de-olfato-sorpresivos-en-los-ingresos\/","title":{"rendered":"Rafaela; realizan controles de olfato \u201csorpresivos\u201d en los ingresos"},"content":{"rendered":"\n<p>Durante la jornada del domingo, las fuerzas preventivas locales, junto con personal de salud del municipio, realizaron distintos controles aleatorios que consistieron en testeos de anosmia (prueba de olfato) a personas que, volviendo de viaje, ingresaban por lo principales accesos de nuestra ciudad.<\/p>\n\n\n\n<p>El objetivo ser\u00e1 ir verificando los posibles casos positivos de Covid -19 en distintos procedimientos, con testeos que se realizar\u00e1n tanto a conductores como a acompa\u00f1antes.<\/p>\n\n\n\n<figure class=\"wp-block-image size-large\"><img loading=\"lazy\" decoding=\"async\" width=\"741\" height=\"486\" src=\"https:\/\/www.almargenweb.com.ar\/web\/wp-content\/uploads\/2021\/01\/SM-controles-olfato-rafaela-.jpeg\" alt=\"\" class=\"wp-image-33070\" srcset=\"https:\/\/www.almargenweb.com.ar\/web\/wp-content\/uploads\/2021\/01\/SM-controles-olfato-rafaela-.jpeg 741w, https:\/\/www.almargenweb.com.ar\/web\/wp-content\/uploads\/2021\/01\/SM-controles-olfato-rafaela--300x197.jpeg 300w\" sizes=\"auto, (max-width: 741px) 100vw, 741px\" \/><figcaption>Los testeos olfatorios fueron hechos por el personal de salud del municipio, en el regreso de un fin de semana con mucha movilidad<\/figcaption><\/figure>\n\n\n\n<p>El mismo proceso preve\u00eda la notificaci\u00f3n inmediata ante un caso positivo con el consecuente aislamiento por parte de la o las personas, seg\u00fan correspondiera, y el llamado inmediato al 107. <\/p>\n\n\n\n<p>Asimismo, se estableci\u00f3 que los datos de cada caso detectado ser\u00edan suministrados tanto a la Subsecretar\u00eda de Salud como al servicio 107 para que favorecer la r\u00e1pida localizaci\u00f3n.<\/p>\n<!-- AddThis Advanced Settings generic via filter on the_content --><!-- AddThis Share Buttons generic via filter on the_content -->","protected":false},"excerpt":{"rendered":"<p>Durante la jornada del domingo, las fuerzas preventivas locales, junto con personal de salud del municipio, [&hellip;]<!-- AddThis Advanced Settings generic via filter on get_the_excerpt --><!-- AddThis Share Buttons generic via filter on get_the_excerpt --><\/p>\n","protected":false},"author":16,"featured_media":33069,"comment_status":"open","ping_status":"open","sticky":false,"template":"","format":"standard","meta":{"_seopress_robots_primary_cat":"none","_seopress_titles_title":"","_seopress_titles_desc":"","_seopress_robots_index":"","_themeisle_gutenberg_block_has_review":false,"footnotes":""},"categories":[2,15],"tags":[],"class_list":["post-33067","post","type-post","status-publish","format-standard","has-post-thumbnail","hentry","category-actualidad","category-salud"],"_links":{"self":[{"href":"https:\/\/www.almargenweb.com.ar\/web\/wp-json\/wp\/v2\/posts\/33067","targetHints":{"allow":["GET"]}}],"collection":[{"href":"https:\/\/www.almargenweb.com.ar\/web\/wp-json\/wp\/v2\/posts"}],"about":[{"href":"https:\/\/www.almargenweb.com.ar\/web\/wp-json\/wp\/v2\/types\/post"}],"author":[{"embeddable":true,"href":"https:\/\/www.almargenweb.com.ar\/web\/wp-json\/wp\/v2\/users\/16"}],"replies":[{"embeddable":true,"href":"https:\/\/www.almargenweb.com.ar\/web\/wp-json\/wp\/v2\/comments?post=33067"}],"version-history":[{"count":1,"href":"https:\/\/www.almargenweb.com.ar\/web\/wp-json\/wp\/v2\/posts\/33067\/revisions"}],"predecessor-version":[{"id":33071,"href":"https:\/\/www.almargenweb.com.ar\/web\/wp-json\/wp\/v2\/posts\/33067\/revisions\/33071"}],"wp:featuredmedia":[{"embeddable":true,"href":"https:\/\/www.almargenweb.com.ar\/web\/wp-json\/wp\/v2\/media\/33069"}],"wp:attachment":[{"href":"https:\/\/www.almargenweb.com.ar\/web\/wp-json\/wp\/v2\/media?parent=33067"}],"wp:term":[{"taxonomy":"category","embeddable":true,"href":"https:\/\/www.almargenweb.com.ar\/web\/wp-json\/wp\/v2\/categories?post=33067"},{"taxonomy":"post_tag","embeddable":true,"href":"https:\/\/www.almargenweb.com.ar\/web\/wp-json\/wp\/v2\/tags?post=33067"}],"curies":[{"name":"wp","href":"https:\/\/api.w.org\/{rel}","templated":true}]}}