{"id":33045,"date":"2021-01-24T13:19:20","date_gmt":"2021-01-24T16:19:20","guid":{"rendered":"http:\/\/www.almargenweb.com.ar\/web\/?p=33045"},"modified":"2021-01-24T13:19:21","modified_gmt":"2021-01-24T16:19:21","slug":"un-fenomeno-natural-fue-la-calificacion-que-justifica-la-mortandad-de-peces-en-el-rio-salado-segun-el-gobierno","status":"publish","type":"post","link":"https:\/\/www.almargenweb.com.ar\/web\/un-fenomeno-natural-fue-la-calificacion-que-justifica-la-mortandad-de-peces-en-el-rio-salado-segun-el-gobierno\/","title":{"rendered":"&#8220;Un fen\u00f3meno natural&#8221; fue la calificaci\u00f3n que justifica la mortandad de peces en el Rio Salado, seg\u00fan el Gobierno"},"content":{"rendered":"\n<p>El Gobierno de la provincia de Santa Fe ratific\u00f3 que la principal causa de muerte de peces en la cuenca del r\u00edo Salado, que se visibiliz\u00f3 el mes pasado, se debi\u00f3 al fen\u00f3meno denominado \u201chipoxia\u201d y no por la contaminaci\u00f3n producto de la presencia en las aguas de herbicidas (glifosato), plaguicidas, insecticidas y metales pesados (ars\u00e9nico), que, si bien s\u00ed fueron detectados en los an\u00e1lisis, est\u00e1n muy por debajo de los valores m\u00e1ximos establecidos por ley.<\/p>\n\n\n\n<figure class=\"wp-block-image size-large\"><img loading=\"lazy\" decoding=\"async\" width=\"1024\" height=\"508\" src=\"https:\/\/www.almargenweb.com.ar\/web\/wp-content\/uploads\/2021\/01\/Peces-muertos-Salado-1-diciembre-2020-1024x508.jpg\" alt=\"\" class=\"wp-image-33048\" srcset=\"https:\/\/www.almargenweb.com.ar\/web\/wp-content\/uploads\/2021\/01\/Peces-muertos-Salado-1-diciembre-2020-1024x508.jpg 1024w, https:\/\/www.almargenweb.com.ar\/web\/wp-content\/uploads\/2021\/01\/Peces-muertos-Salado-1-diciembre-2020-300x149.jpg 300w, https:\/\/www.almargenweb.com.ar\/web\/wp-content\/uploads\/2021\/01\/Peces-muertos-Salado-1-diciembre-2020-768x381.jpg 768w, https:\/\/www.almargenweb.com.ar\/web\/wp-content\/uploads\/2021\/01\/Peces-muertos-Salado-1-diciembre-2020.jpg 1200w\" sizes=\"auto, (max-width: 1024px) 100vw, 1024px\" \/><figcaption>A principios de diciembre del 2020 se registr\u00f3 una hist\u00f3rica mortandad de peces en el r\u00edo Salado a la altura de Santa Fe, Esperanza y Santo Tom\u00e9.<\/figcaption><\/figure>\n\n\n\n<p>De esta forma, convalid\u00f3 un informe presentado el pasado 24 de diciembre tras la aparici\u00f3n de peces muertos que fue visible en el Salado desde los pasos carreteros de Santo Tom\u00e9 y la ruta 70.<\/p>\n\n\n\n<p> \u201cLa hipoxia es un fen\u00f3meno que se puede dar tanto en verano como en invierno y que se potencia por las condiciones hidrom\u00e9tricas (bajante) y clim\u00e1ticas\u201d, explic\u00f3 Gaspar Borra, subsecretario de Recursos Naturales de la provincia de Santa Fe.<\/p>\n<!-- AddThis Advanced Settings generic via filter on the_content --><!-- AddThis Share Buttons generic via filter on the_content -->","protected":false},"excerpt":{"rendered":"<p>El Gobierno de la provincia de Santa Fe ratific\u00f3 que la principal causa de muerte de [&hellip;]<!-- AddThis Advanced Settings generic via filter on get_the_excerpt --><!-- AddThis Share Buttons generic via filter on get_the_excerpt --><\/p>\n","protected":false},"author":16,"featured_media":33047,"comment_status":"open","ping_status":"open","sticky":false,"template":"","format":"standard","meta":{"_seopress_robots_primary_cat":"none","_seopress_titles_title":"","_seopress_titles_desc":"","_seopress_robots_index":"","_themeisle_gutenberg_block_has_review":false,"footnotes":""},"categories":[2,9,15],"tags":[],"class_list":["post-33045","post","type-post","status-publish","format-standard","has-post-thumbnail","hentry","category-actualidad","category-politica","category-salud"],"_links":{"self":[{"href":"https:\/\/www.almargenweb.com.ar\/web\/wp-json\/wp\/v2\/posts\/33045","targetHints":{"allow":["GET"]}}],"collection":[{"href":"https:\/\/www.almargenweb.com.ar\/web\/wp-json\/wp\/v2\/posts"}],"about":[{"href":"https:\/\/www.almargenweb.com.ar\/web\/wp-json\/wp\/v2\/types\/post"}],"author":[{"embeddable":true,"href":"https:\/\/www.almargenweb.com.ar\/web\/wp-json\/wp\/v2\/users\/16"}],"replies":[{"embeddable":true,"href":"https:\/\/www.almargenweb.com.ar\/web\/wp-json\/wp\/v2\/comments?post=33045"}],"version-history":[{"count":1,"href":"https:\/\/www.almargenweb.com.ar\/web\/wp-json\/wp\/v2\/posts\/33045\/revisions"}],"predecessor-version":[{"id":33049,"href":"https:\/\/www.almargenweb.com.ar\/web\/wp-json\/wp\/v2\/posts\/33045\/revisions\/33049"}],"wp:featuredmedia":[{"embeddable":true,"href":"https:\/\/www.almargenweb.com.ar\/web\/wp-json\/wp\/v2\/media\/33047"}],"wp:attachment":[{"href":"https:\/\/www.almargenweb.com.ar\/web\/wp-json\/wp\/v2\/media?parent=33045"}],"wp:term":[{"taxonomy":"category","embeddable":true,"href":"https:\/\/www.almargenweb.com.ar\/web\/wp-json\/wp\/v2\/categories?post=33045"},{"taxonomy":"post_tag","embeddable":true,"href":"https:\/\/www.almargenweb.com.ar\/web\/wp-json\/wp\/v2\/tags?post=33045"}],"curies":[{"name":"wp","href":"https:\/\/api.w.org\/{rel}","templated":true}]}}