{"id":32972,"date":"2021-01-21T10:36:12","date_gmt":"2021-01-21T13:36:12","guid":{"rendered":"http:\/\/www.almargenweb.com.ar\/web\/?p=32972"},"modified":"2021-01-21T10:36:13","modified_gmt":"2021-01-21T13:36:13","slug":"san-carlos-sud-mejoras-en-la-transitavilidad-y-ampliacion-del-samco","status":"publish","type":"post","link":"https:\/\/www.almargenweb.com.ar\/web\/san-carlos-sud-mejoras-en-la-transitavilidad-y-ampliacion-del-samco\/","title":{"rendered":"San Carlos Sud; mejoras en la transitavilidad y ampliaci\u00f3n del SAMCO."},"content":{"rendered":"\n<p>El personal de trabajo perteneciente a la comuna de San Carlos Sud, esta llevando adelante un plan de mejoramiento de la transitavilidad al igual que los accesos a la localidad como as\u00ed tambi\u00e9n del ripiado de las calles que lo necesitan.<\/p>\n\n\n\n<p>Sobre la ampliaci\u00f3n del Samco, Santiago Walker, presidente comunal, explico que esta obra se comenz\u00f3 a diagramar durante el 2020, en \u00e9pocas de plena pandemia. El samco inaugurado en 2015, cuenta con dos consultorios operativos &#8220;nos quedo bastante peque\u00f1o ante la demanda de salud&#8221;.<\/p>\n\n\n\n<figure class=\"wp-block-image size-large\"><img loading=\"lazy\" decoding=\"async\" width=\"1024\" height=\"768\" src=\"https:\/\/www.almargenweb.com.ar\/web\/wp-content\/uploads\/2021\/01\/multimedia.normal.932e10c74d4b4381.32303031323032312d636f6d756e612d7375645f6e6f726d616c2e6a7067-1-1024x768.jpg\" alt=\"\" class=\"wp-image-32976\" srcset=\"https:\/\/www.almargenweb.com.ar\/web\/wp-content\/uploads\/2021\/01\/multimedia.normal.932e10c74d4b4381.32303031323032312d636f6d756e612d7375645f6e6f726d616c2e6a7067-1-1024x768.jpg 1024w, https:\/\/www.almargenweb.com.ar\/web\/wp-content\/uploads\/2021\/01\/multimedia.normal.932e10c74d4b4381.32303031323032312d636f6d756e612d7375645f6e6f726d616c2e6a7067-1-300x225.jpg 300w, https:\/\/www.almargenweb.com.ar\/web\/wp-content\/uploads\/2021\/01\/multimedia.normal.932e10c74d4b4381.32303031323032312d636f6d756e612d7375645f6e6f726d616c2e6a7067-1-768x576.jpg 768w, https:\/\/www.almargenweb.com.ar\/web\/wp-content\/uploads\/2021\/01\/multimedia.normal.932e10c74d4b4381.32303031323032312d636f6d756e612d7375645f6e6f726d616c2e6a7067-1.jpg 1200w\" sizes=\"auto, (max-width: 1024px) 100vw, 1024px\" \/><figcaption>Plan de mantenimiento de calles con ripio en la zona urbana de la localidad.<\/figcaption><\/figure>\n\n\n\n<p>En este sentido, Walker explico que esta ampliaci\u00f3n sera funcional a las distintas especialidades que se sumaran al Samco, cuando la obra este conclusa. <\/p>\n<!-- AddThis Advanced Settings generic via filter on the_content --><!-- AddThis Share Buttons generic via filter on the_content -->","protected":false},"excerpt":{"rendered":"<p>El personal de trabajo perteneciente a la comuna de San Carlos Sud, esta llevando adelante un [&hellip;]<!-- AddThis Advanced Settings generic via filter on get_the_excerpt --><!-- AddThis Share Buttons generic via filter on get_the_excerpt --><\/p>\n","protected":false},"author":16,"featured_media":32975,"comment_status":"open","ping_status":"open","sticky":false,"template":"","format":"standard","meta":{"_seopress_robots_primary_cat":"none","_seopress_titles_title":"","_seopress_titles_desc":"","_seopress_robots_index":"","_themeisle_gutenberg_block_has_review":false,"footnotes":""},"categories":[2,20,21],"tags":[],"class_list":["post-32972","post","type-post","status-publish","format-standard","has-post-thumbnail","hentry","category-actualidad","category-departamentales","category-las-colonias"],"_links":{"self":[{"href":"https:\/\/www.almargenweb.com.ar\/web\/wp-json\/wp\/v2\/posts\/32972","targetHints":{"allow":["GET"]}}],"collection":[{"href":"https:\/\/www.almargenweb.com.ar\/web\/wp-json\/wp\/v2\/posts"}],"about":[{"href":"https:\/\/www.almargenweb.com.ar\/web\/wp-json\/wp\/v2\/types\/post"}],"author":[{"embeddable":true,"href":"https:\/\/www.almargenweb.com.ar\/web\/wp-json\/wp\/v2\/users\/16"}],"replies":[{"embeddable":true,"href":"https:\/\/www.almargenweb.com.ar\/web\/wp-json\/wp\/v2\/comments?post=32972"}],"version-history":[{"count":1,"href":"https:\/\/www.almargenweb.com.ar\/web\/wp-json\/wp\/v2\/posts\/32972\/revisions"}],"predecessor-version":[{"id":32977,"href":"https:\/\/www.almargenweb.com.ar\/web\/wp-json\/wp\/v2\/posts\/32972\/revisions\/32977"}],"wp:featuredmedia":[{"embeddable":true,"href":"https:\/\/www.almargenweb.com.ar\/web\/wp-json\/wp\/v2\/media\/32975"}],"wp:attachment":[{"href":"https:\/\/www.almargenweb.com.ar\/web\/wp-json\/wp\/v2\/media?parent=32972"}],"wp:term":[{"taxonomy":"category","embeddable":true,"href":"https:\/\/www.almargenweb.com.ar\/web\/wp-json\/wp\/v2\/categories?post=32972"},{"taxonomy":"post_tag","embeddable":true,"href":"https:\/\/www.almargenweb.com.ar\/web\/wp-json\/wp\/v2\/tags?post=32972"}],"curies":[{"name":"wp","href":"https:\/\/api.w.org\/{rel}","templated":true}]}}