{"id":32962,"date":"2021-01-21T07:32:22","date_gmt":"2021-01-21T10:32:22","guid":{"rendered":"http:\/\/www.almargenweb.com.ar\/web\/?p=32962"},"modified":"2021-01-21T07:32:23","modified_gmt":"2021-01-21T10:32:23","slug":"humbolt-habilitan-obra-de-ensanche-en-avenida-raul-alfonsin","status":"publish","type":"post","link":"https:\/\/www.almargenweb.com.ar\/web\/humbolt-habilitan-obra-de-ensanche-en-avenida-raul-alfonsin\/","title":{"rendered":"Humbolt; habilitan obra de ensanche en Avenida Ra\u00fal Alfons\u00edn"},"content":{"rendered":"\n<p>La obra necesaria, de ensanchado de la Avenida Ra\u00fal Alfons\u00edn, comenz\u00f3 el septiembre del ano pasado, con el cableado de la nueva iluminaci\u00f3n, as\u00ed tambi\u00e9n el mejoramiento de la circulaci\u00f3n. Desde la comuna local local, anunciaron que la primera etapa de obra esta finalizada. <\/p>\n\n\n\n<p>Duilio Rohrmann, intendente de Humbolt, manifest\u00f3 que siempre se apunta a mejorar y realzar cada sector del pueblo. \u201cVamos teniendo en cuenta el crecimiento de cada sector y por ello vamos con obras a cada nuevo lugar para realzar el barrio. Esta es una zona de crecimiento muy fuerte de nuestra localidad, y por ello se decidi\u00f3 trabajar en este sector mejorando no s\u00f3lo la iluminaci\u00f3n sino tambi\u00e9n la transitabilidad\u201d. <\/p>\n\n\n\n<figure class=\"wp-block-image size-large\"><img loading=\"lazy\" decoding=\"async\" width=\"1024\" height=\"680\" src=\"https:\/\/www.almargenweb.com.ar\/web\/wp-content\/uploads\/2021\/01\/337705_humboldt.jpg\" alt=\"\" class=\"wp-image-32964\" srcset=\"https:\/\/www.almargenweb.com.ar\/web\/wp-content\/uploads\/2021\/01\/337705_humboldt.jpg 1024w, https:\/\/www.almargenweb.com.ar\/web\/wp-content\/uploads\/2021\/01\/337705_humboldt-300x199.jpg 300w, https:\/\/www.almargenweb.com.ar\/web\/wp-content\/uploads\/2021\/01\/337705_humboldt-768x510.jpg 768w\" sizes=\"auto, (max-width: 1024px) 100vw, 1024px\" \/><figcaption>La Avenida Ra\u00fal Alfons\u00edn tendr\u00e1 un cantero central de cuatro metros y una nueva iluminaci\u00f3n led<\/figcaption><\/figure>\n\n\n\n<p>Los trabajos que se realizan a lo largo de la Avenida, incluyen nueva iluminaci\u00f3n y forestaci\u00f3n. La plantaci\u00f3n de especies se realizara cuando llegue la temporada arb\u00f3rea. <\/p>\n\n\n\n<p>Rohrmann agreg\u00f3 que actualmente se est\u00e1 conformando la nueva avenida que tendr\u00e1 un cantero central de cuatro metros y una nueva iluminaci\u00f3n led como el resto de la avenidas de Humboldt.<\/p>\n\n\n\n<p><\/p>\n<!-- AddThis Advanced Settings generic via filter on the_content --><!-- AddThis Share Buttons generic via filter on the_content -->","protected":false},"excerpt":{"rendered":"<p>La obra necesaria, de ensanchado de la Avenida Ra\u00fal Alfons\u00edn, comenz\u00f3 el septiembre del ano pasado, [&hellip;]<!-- AddThis Advanced Settings generic via filter on get_the_excerpt --><!-- AddThis Share Buttons generic via filter on get_the_excerpt --><\/p>\n","protected":false},"author":16,"featured_media":32965,"comment_status":"open","ping_status":"open","sticky":false,"template":"","format":"standard","meta":{"_seopress_robots_primary_cat":"none","_seopress_titles_title":"","_seopress_titles_desc":"","_seopress_robots_index":"","_themeisle_gutenberg_block_has_review":false,"footnotes":""},"categories":[2,20,21,24,9],"tags":[],"class_list":["post-32962","post","type-post","status-publish","format-standard","has-post-thumbnail","hentry","category-actualidad","category-departamentales","category-las-colonias","category-obras-publicas","category-politica"],"_links":{"self":[{"href":"https:\/\/www.almargenweb.com.ar\/web\/wp-json\/wp\/v2\/posts\/32962","targetHints":{"allow":["GET"]}}],"collection":[{"href":"https:\/\/www.almargenweb.com.ar\/web\/wp-json\/wp\/v2\/posts"}],"about":[{"href":"https:\/\/www.almargenweb.com.ar\/web\/wp-json\/wp\/v2\/types\/post"}],"author":[{"embeddable":true,"href":"https:\/\/www.almargenweb.com.ar\/web\/wp-json\/wp\/v2\/users\/16"}],"replies":[{"embeddable":true,"href":"https:\/\/www.almargenweb.com.ar\/web\/wp-json\/wp\/v2\/comments?post=32962"}],"version-history":[{"count":1,"href":"https:\/\/www.almargenweb.com.ar\/web\/wp-json\/wp\/v2\/posts\/32962\/revisions"}],"predecessor-version":[{"id":32966,"href":"https:\/\/www.almargenweb.com.ar\/web\/wp-json\/wp\/v2\/posts\/32962\/revisions\/32966"}],"wp:featuredmedia":[{"embeddable":true,"href":"https:\/\/www.almargenweb.com.ar\/web\/wp-json\/wp\/v2\/media\/32965"}],"wp:attachment":[{"href":"https:\/\/www.almargenweb.com.ar\/web\/wp-json\/wp\/v2\/media?parent=32962"}],"wp:term":[{"taxonomy":"category","embeddable":true,"href":"https:\/\/www.almargenweb.com.ar\/web\/wp-json\/wp\/v2\/categories?post=32962"},{"taxonomy":"post_tag","embeddable":true,"href":"https:\/\/www.almargenweb.com.ar\/web\/wp-json\/wp\/v2\/tags?post=32962"}],"curies":[{"name":"wp","href":"https:\/\/api.w.org\/{rel}","templated":true}]}}