{"id":32637,"date":"2021-01-09T15:33:22","date_gmt":"2021-01-09T18:33:22","guid":{"rendered":"http:\/\/www.almargenweb.com.ar\/web\/?p=32637"},"modified":"2021-01-09T15:36:16","modified_gmt":"2021-01-09T18:36:16","slug":"ante-la-falta-de-respuesta-del-poder-ejecutivo-la-diputada-jimena-senn-solicito-una-ambulancia-para-esperanza","status":"publish","type":"post","link":"https:\/\/www.almargenweb.com.ar\/web\/ante-la-falta-de-respuesta-del-poder-ejecutivo-la-diputada-jimena-senn-solicito-una-ambulancia-para-esperanza\/","title":{"rendered":"Ante la falta de respuesta del poder Ejecutivo, la Diputada Jimena Senn solicito una ambulancia para Esperanza"},"content":{"rendered":"\n<p>La diputada provincial Jimena Senn present\u00f3 un proyecto en el que solicita \u201ccon urgencia\u201d que el Gobierno de la provincia de Santa Fe, entregue a Esperanza una ambulancia nueva o en su defecto que repare la que est\u00e1 fuera de servicio.<\/p>\n\n\n\n<p>D\u00edas atr\u00e1s, trascendi\u00f3 que una de las dos ambulancias con las que cuenta el servicio de urgencia 107 de la ciudad de Esperanza, quedo fuera de servicio. Sin baliza ni sirena, la ambulancia no cuenta con los requisitos ni el aval sanitario para poder circular, en caso de ser requerida.<\/p>\n\n\n\n<figure class=\"wp-block-image size-large\"><img loading=\"lazy\" decoding=\"async\" width=\"1000\" height=\"666\" src=\"https:\/\/www.almargenweb.com.ar\/web\/wp-content\/uploads\/2021\/01\/multimedia.normal.a2fb6e746020832a.30503141333836335f6e6f726d616c2e6a7067.jpg\" alt=\"\" class=\"wp-image-32642\" srcset=\"https:\/\/www.almargenweb.com.ar\/web\/wp-content\/uploads\/2021\/01\/multimedia.normal.a2fb6e746020832a.30503141333836335f6e6f726d616c2e6a7067.jpg 1000w, https:\/\/www.almargenweb.com.ar\/web\/wp-content\/uploads\/2021\/01\/multimedia.normal.a2fb6e746020832a.30503141333836335f6e6f726d616c2e6a7067-300x200.jpg 300w, https:\/\/www.almargenweb.com.ar\/web\/wp-content\/uploads\/2021\/01\/multimedia.normal.a2fb6e746020832a.30503141333836335f6e6f726d616c2e6a7067-768x511.jpg 768w\" sizes=\"auto, (max-width: 1000px) 100vw, 1000px\" \/><figcaption>En plena pandemia, y ante la falta de respuesta del poder Ejecutivo, Senn solicito una ambulancia con urgencia, al Gobierno de la Provincia.<\/figcaption><\/figure>\n\n\n\n<p>Si bien el servicio de emergencia cuenta con un utilitario Kangoo para realizar ciertas asistencias, la realidad es que en tiempos de pandemia por Coronavirus se necesita con car\u00e1cter de urgencia, las prestaciones de una ambulancia con los cr\u00e9ditos sanitarios necesarios, para hacer traslados en todo el departamento las Colonias.<\/p>\n\n\n\n<p><\/p>\n<!-- AddThis Advanced Settings generic via filter on the_content --><!-- AddThis Share Buttons generic via filter on the_content -->","protected":false},"excerpt":{"rendered":"<p>La diputada provincial Jimena Senn present\u00f3 un proyecto en el que solicita \u201ccon urgencia\u201d que el [&hellip;]<!-- AddThis Advanced Settings generic via filter on get_the_excerpt --><!-- AddThis Share Buttons generic via filter on get_the_excerpt --><\/p>\n","protected":false},"author":16,"featured_media":32644,"comment_status":"open","ping_status":"open","sticky":false,"template":"","format":"standard","meta":{"_seopress_robots_primary_cat":"none","_seopress_titles_title":"","_seopress_titles_desc":"","_seopress_robots_index":"","_themeisle_gutenberg_block_has_review":false,"footnotes":""},"categories":[1],"tags":[],"class_list":["post-32637","post","type-post","status-publish","format-standard","has-post-thumbnail","hentry","category-sin-categoria"],"_links":{"self":[{"href":"https:\/\/www.almargenweb.com.ar\/web\/wp-json\/wp\/v2\/posts\/32637","targetHints":{"allow":["GET"]}}],"collection":[{"href":"https:\/\/www.almargenweb.com.ar\/web\/wp-json\/wp\/v2\/posts"}],"about":[{"href":"https:\/\/www.almargenweb.com.ar\/web\/wp-json\/wp\/v2\/types\/post"}],"author":[{"embeddable":true,"href":"https:\/\/www.almargenweb.com.ar\/web\/wp-json\/wp\/v2\/users\/16"}],"replies":[{"embeddable":true,"href":"https:\/\/www.almargenweb.com.ar\/web\/wp-json\/wp\/v2\/comments?post=32637"}],"version-history":[{"count":1,"href":"https:\/\/www.almargenweb.com.ar\/web\/wp-json\/wp\/v2\/posts\/32637\/revisions"}],"predecessor-version":[{"id":32643,"href":"https:\/\/www.almargenweb.com.ar\/web\/wp-json\/wp\/v2\/posts\/32637\/revisions\/32643"}],"wp:featuredmedia":[{"embeddable":true,"href":"https:\/\/www.almargenweb.com.ar\/web\/wp-json\/wp\/v2\/media\/32644"}],"wp:attachment":[{"href":"https:\/\/www.almargenweb.com.ar\/web\/wp-json\/wp\/v2\/media?parent=32637"}],"wp:term":[{"taxonomy":"category","embeddable":true,"href":"https:\/\/www.almargenweb.com.ar\/web\/wp-json\/wp\/v2\/categories?post=32637"},{"taxonomy":"post_tag","embeddable":true,"href":"https:\/\/www.almargenweb.com.ar\/web\/wp-json\/wp\/v2\/tags?post=32637"}],"curies":[{"name":"wp","href":"https:\/\/api.w.org\/{rel}","templated":true}]}}