{"id":32506,"date":"2021-01-06T09:33:41","date_gmt":"2021-01-06T12:33:41","guid":{"rendered":"http:\/\/www.almargenweb.com.ar\/web\/?p=32506"},"modified":"2021-01-06T09:33:42","modified_gmt":"2021-01-06T12:33:42","slug":"grutly-avanza-la-construccion-de-viviendas-pertenecientes-al-programa-demanda-global","status":"publish","type":"post","link":"https:\/\/www.almargenweb.com.ar\/web\/grutly-avanza-la-construccion-de-viviendas-pertenecientes-al-programa-demanda-global\/","title":{"rendered":"Grutly, avanza la construcci\u00f3n de viviendas, pertenecientes al programa Demanda Global"},"content":{"rendered":"\n<p>Esta semana dieron continuidad en la obra de las cinco viviendas pertenecientes al programa Demanda Global, seg\u00fan informaron las autoridades comunales de Grutly, quienes tambi\u00e9n, aprovecharon para dar buenos augurios en este nuevo a\u00f1o que comenzamos a transitar.<\/p>\n\n\n\n<p>Victor Beltramino, presidente comunal, explico que la obra &#8220;esta en el nivel de afirmado del piso, para luego continuar con la construcci\u00f3n del contrapiso&#8221;<\/p>\n\n\n\n<figure class=\"wp-block-image size-large is-resized\"><img loading=\"lazy\" decoding=\"async\" src=\"https:\/\/www.almargenweb.com.ar\/web\/wp-content\/uploads\/2021\/01\/unnamed-3.jpg\" alt=\"\" class=\"wp-image-32509\" width=\"580\" height=\"435\" srcset=\"https:\/\/www.almargenweb.com.ar\/web\/wp-content\/uploads\/2021\/01\/unnamed-3.jpg 512w, https:\/\/www.almargenweb.com.ar\/web\/wp-content\/uploads\/2021\/01\/unnamed-3-300x225.jpg 300w\" sizes=\"auto, (max-width: 580px) 100vw, 580px\" \/><figcaption>&#8220;El estado avanzado de las construcciones, permite comenzar r\u00e1pidamente con el techado de las viviendas&#8221; explico Beltramino.<\/figcaption><\/figure>\n\n\n\n<p>Cabe se\u00f1alar que el estado avanzado de construcci\u00f3n, en las cinco viviendas, permite el techado de las mismas, trabajo que comenzaran de forma inmediata.<\/p>\n\n\n\n<p><\/p>\n<!-- AddThis Advanced Settings generic via filter on the_content --><!-- AddThis Share Buttons generic via filter on the_content -->","protected":false},"excerpt":{"rendered":"<p>Esta semana dieron continuidad en la obra de las cinco viviendas pertenecientes al programa Demanda Global, [&hellip;]<!-- AddThis Advanced Settings generic via filter on get_the_excerpt --><!-- AddThis Share Buttons generic via filter on get_the_excerpt --><\/p>\n","protected":false},"author":16,"featured_media":32508,"comment_status":"open","ping_status":"open","sticky":false,"template":"","format":"standard","meta":{"_seopress_robots_primary_cat":"none","_seopress_titles_title":"","_seopress_titles_desc":"","_seopress_robots_index":"","_themeisle_gutenberg_block_has_review":false,"footnotes":""},"categories":[2,21,24,9],"tags":[],"class_list":["post-32506","post","type-post","status-publish","format-standard","has-post-thumbnail","hentry","category-actualidad","category-las-colonias","category-obras-publicas","category-politica"],"_links":{"self":[{"href":"https:\/\/www.almargenweb.com.ar\/web\/wp-json\/wp\/v2\/posts\/32506","targetHints":{"allow":["GET"]}}],"collection":[{"href":"https:\/\/www.almargenweb.com.ar\/web\/wp-json\/wp\/v2\/posts"}],"about":[{"href":"https:\/\/www.almargenweb.com.ar\/web\/wp-json\/wp\/v2\/types\/post"}],"author":[{"embeddable":true,"href":"https:\/\/www.almargenweb.com.ar\/web\/wp-json\/wp\/v2\/users\/16"}],"replies":[{"embeddable":true,"href":"https:\/\/www.almargenweb.com.ar\/web\/wp-json\/wp\/v2\/comments?post=32506"}],"version-history":[{"count":1,"href":"https:\/\/www.almargenweb.com.ar\/web\/wp-json\/wp\/v2\/posts\/32506\/revisions"}],"predecessor-version":[{"id":32510,"href":"https:\/\/www.almargenweb.com.ar\/web\/wp-json\/wp\/v2\/posts\/32506\/revisions\/32510"}],"wp:featuredmedia":[{"embeddable":true,"href":"https:\/\/www.almargenweb.com.ar\/web\/wp-json\/wp\/v2\/media\/32508"}],"wp:attachment":[{"href":"https:\/\/www.almargenweb.com.ar\/web\/wp-json\/wp\/v2\/media?parent=32506"}],"wp:term":[{"taxonomy":"category","embeddable":true,"href":"https:\/\/www.almargenweb.com.ar\/web\/wp-json\/wp\/v2\/categories?post=32506"},{"taxonomy":"post_tag","embeddable":true,"href":"https:\/\/www.almargenweb.com.ar\/web\/wp-json\/wp\/v2\/tags?post=32506"}],"curies":[{"name":"wp","href":"https:\/\/api.w.org\/{rel}","templated":true}]}}