{"id":32441,"date":"2021-01-04T10:47:14","date_gmt":"2021-01-04T13:47:14","guid":{"rendered":"http:\/\/www.almargenweb.com.ar\/web\/?p=32441"},"modified":"2021-01-04T10:47:15","modified_gmt":"2021-01-04T13:47:15","slug":"san-jeronimo-del-sauce-para-este-2021-tendra-nueva-comisaria-y-una-importante-area-industrial","status":"publish","type":"post","link":"https:\/\/www.almargenweb.com.ar\/web\/san-jeronimo-del-sauce-para-este-2021-tendra-nueva-comisaria-y-una-importante-area-industrial\/","title":{"rendered":"San Jer\u00f3nimo del Sauce; para este 2021 tendr\u00e1 nueva comisar\u00eda y una importante \u00e1rea industrial"},"content":{"rendered":"\n<p>Asi lo destaco su presidente comunal, el Senor Daniel Rios, quien haciendo un balance de una ano tan particular como lo fue el 2020, anticipo con mucha esperanza, los proyectos de la localidad, para este a\u00f1o que comenzamos a transitar.<\/p>\n\n\n\n<p>En este sentido, el jefe comunal repaso las diferentes obras realizadas, como los cordones cuneta, los que se hicieron a un ritmo menor de lo previsto por motivos que todos conocemos. Sin embargo, al igual que otras obras, como el gimnasio del predio polideportivo, llegaron a concluirse tal como fueron diagramadas.<\/p>\n\n\n\n<figure class=\"wp-block-image size-large\"><img loading=\"lazy\" decoding=\"async\" width=\"750\" height=\"500\" src=\"https:\/\/www.almargenweb.com.ar\/web\/wp-content\/uploads\/2021\/01\/COMISARIA-3-750x500-1.jpg\" alt=\"\" class=\"wp-image-32444\" srcset=\"https:\/\/www.almargenweb.com.ar\/web\/wp-content\/uploads\/2021\/01\/COMISARIA-3-750x500-1.jpg 750w, https:\/\/www.almargenweb.com.ar\/web\/wp-content\/uploads\/2021\/01\/COMISARIA-3-750x500-1-300x200.jpg 300w\" sizes=\"auto, (max-width: 750px) 100vw, 750px\" \/><figcaption>Comisaria local; 500 mil pesos otorgados por la anterior Gesti\u00f3n Provincial, sumados al gran esfuerzo realizado por la comuna local, hicieron que este 2021 sea el a\u00f1o de finalizaci\u00f3n de obra.<\/figcaption><\/figure>\n\n\n\n<p>Trabajando en conjunto con la arquitecta Yanina Donnet, se construyeron 67 nichos, con una inversi\u00f3n de 1.3 millones de pesos, extendiendo as\u00ed el espacio disponible dentro del cementerio local.<\/p>\n\n\n\n<p>As\u00ed mismo, Rios detallo que se le dio continuidad al plan de obra de la comisaria local, que cuenta con recursos propios y  500 mil pesos otorgados por la anterior Gesti\u00f3n Provincial. &#8220;Hoy d\u00eda nos encontramos a la espera de la llegada de una nueva partida econ\u00f3mica,  de esta nueva gesti\u00f3n Provincial, que servir\u00e1 para la conclusi\u00f3n definitiva de obra&#8221; explico el jefe cultural.<\/p>\n\n\n\n<p><\/p>\n<!-- AddThis Advanced Settings generic via filter on the_content --><!-- AddThis Share Buttons generic via filter on the_content -->","protected":false},"excerpt":{"rendered":"<p>Asi lo destaco su presidente comunal, el Senor Daniel Rios, quien haciendo un balance de una [&hellip;]<!-- AddThis Advanced Settings generic via filter on get_the_excerpt --><!-- AddThis Share Buttons generic via filter on get_the_excerpt --><\/p>\n","protected":false},"author":16,"featured_media":32443,"comment_status":"open","ping_status":"open","sticky":false,"template":"","format":"standard","meta":{"_seopress_robots_primary_cat":"none","_seopress_titles_title":"","_seopress_titles_desc":"","_seopress_robots_index":"","_themeisle_gutenberg_block_has_review":false,"footnotes":""},"categories":[2,5,21,24,9,29],"tags":[],"class_list":["post-32441","post","type-post","status-publish","format-standard","has-post-thumbnail","hentry","category-actualidad","category-economia","category-las-colonias","category-obras-publicas","category-politica","category-regionales"],"_links":{"self":[{"href":"https:\/\/www.almargenweb.com.ar\/web\/wp-json\/wp\/v2\/posts\/32441","targetHints":{"allow":["GET"]}}],"collection":[{"href":"https:\/\/www.almargenweb.com.ar\/web\/wp-json\/wp\/v2\/posts"}],"about":[{"href":"https:\/\/www.almargenweb.com.ar\/web\/wp-json\/wp\/v2\/types\/post"}],"author":[{"embeddable":true,"href":"https:\/\/www.almargenweb.com.ar\/web\/wp-json\/wp\/v2\/users\/16"}],"replies":[{"embeddable":true,"href":"https:\/\/www.almargenweb.com.ar\/web\/wp-json\/wp\/v2\/comments?post=32441"}],"version-history":[{"count":1,"href":"https:\/\/www.almargenweb.com.ar\/web\/wp-json\/wp\/v2\/posts\/32441\/revisions"}],"predecessor-version":[{"id":32445,"href":"https:\/\/www.almargenweb.com.ar\/web\/wp-json\/wp\/v2\/posts\/32441\/revisions\/32445"}],"wp:featuredmedia":[{"embeddable":true,"href":"https:\/\/www.almargenweb.com.ar\/web\/wp-json\/wp\/v2\/media\/32443"}],"wp:attachment":[{"href":"https:\/\/www.almargenweb.com.ar\/web\/wp-json\/wp\/v2\/media?parent=32441"}],"wp:term":[{"taxonomy":"category","embeddable":true,"href":"https:\/\/www.almargenweb.com.ar\/web\/wp-json\/wp\/v2\/categories?post=32441"},{"taxonomy":"post_tag","embeddable":true,"href":"https:\/\/www.almargenweb.com.ar\/web\/wp-json\/wp\/v2\/tags?post=32441"}],"curies":[{"name":"wp","href":"https:\/\/api.w.org\/{rel}","templated":true}]}}