{"id":32336,"date":"2020-12-31T14:39:51","date_gmt":"2020-12-31T17:39:51","guid":{"rendered":"http:\/\/www.almargenweb.com.ar\/web\/?p=32336"},"modified":"2020-12-31T14:39:52","modified_gmt":"2020-12-31T17:39:52","slug":"humbolt-incorporan-nuevo-predio-para-ampliar-el-samco","status":"publish","type":"post","link":"https:\/\/www.almargenweb.com.ar\/web\/humbolt-incorporan-nuevo-predio-para-ampliar-el-samco\/","title":{"rendered":"Humbolt; incorporan nuevo predio para ampliar el Samco"},"content":{"rendered":"\n<p>Con el visto bueno de la secretar\u00eda de Municipios y Comunas de la provincia de Santa Fe, la comuna de Humboldt avanza en el proyecto que busca sumar m\u00e1s espacio al Samco local permitiendo proyectar el crecimiento del nosocomio para los pr\u00f3ximos 50 a\u00f1os.<\/p>\n\n\n\n<p>\u201cEl Samco tiene una superficie de 1690 m\u00b2 y hoy est\u00e1 cubierta en su totalidad y es imposible ampliar la infraestructura y los servicios. La parte del frente del centro de salud cuenta con espacio pero no se podr\u00eda edificar debido a que es una zona de estacionamiento para ambulancias. Y en las \u00faltimas semanas apareci\u00f3 la venta de un predio a la par del Samco que tiene casi las mismas medidas de superficie -unos 1570 m\u00b2- la incorporaci\u00f3n de este terreno permitir\u00e1 proyectar la posibilidad de un crecimiento de cara a los pr\u00f3ximos 50 a\u00f1os\u201d, manifest\u00f3 el presidente comunal Duilio Rohrmann.<\/p>\n\n\n\n<figure class=\"wp-block-image size-large\"><img loading=\"lazy\" decoding=\"async\" width=\"1024\" height=\"680\" src=\"https:\/\/www.almargenweb.com.ar\/web\/wp-content\/uploads\/2020\/12\/347159_img_9703.jpg\" alt=\"\" class=\"wp-image-32339\" srcset=\"https:\/\/www.almargenweb.com.ar\/web\/wp-content\/uploads\/2020\/12\/347159_img_9703.jpg 1024w, https:\/\/www.almargenweb.com.ar\/web\/wp-content\/uploads\/2020\/12\/347159_img_9703-300x199.jpg 300w, https:\/\/www.almargenweb.com.ar\/web\/wp-content\/uploads\/2020\/12\/347159_img_9703-768x510.jpg 768w\" sizes=\"auto, (max-width: 1024px) 100vw, 1024px\" \/><\/figure>\n\n\n\n<p>El titular del Ejecutivo local que para pensar en el crecimiento de los servicios y de la infraestructura del nosocomio en un principio lo que primero se debe contar es con un terreno.<\/p>\n\n\n\n<p>\u201cHablamos con los due\u00f1os del predio para que nos den un plazo para poder explorar la posibilidad de compra por parte de la comuna. Nosotros tenemos recursos para hacer frente a una compra de estas caracter\u00edsticas pero esos fondos est\u00e1n destinados a la culminaci\u00f3n del Jard\u00edn. Cuando hicimos el convenio con la gesti\u00f3n anterior del gobierno provincial para que se nos autorice a intervenir en el edificio -debido a que la empresa se hab\u00eda retirado y no hab\u00eda soluci\u00f3n gubernamental- tuvimos que demostrarles que ten\u00edamos recursos para hacerlo. Por eso exploramos la posibilidad de comprar ese terreno con financiamiento de las tres entidades mutuales que operan en Humboldt\u201d.<\/p>\n\n\n\n<figure class=\"wp-block-image size-large\"><img loading=\"lazy\" decoding=\"async\" width=\"1024\" height=\"680\" src=\"https:\/\/www.almargenweb.com.ar\/web\/wp-content\/uploads\/2020\/12\/347160_img_9705.jpg\" alt=\"\" class=\"wp-image-32338\" srcset=\"https:\/\/www.almargenweb.com.ar\/web\/wp-content\/uploads\/2020\/12\/347160_img_9705.jpg 1024w, https:\/\/www.almargenweb.com.ar\/web\/wp-content\/uploads\/2020\/12\/347160_img_9705-300x199.jpg 300w, https:\/\/www.almargenweb.com.ar\/web\/wp-content\/uploads\/2020\/12\/347160_img_9705-768x510.jpg 768w\" sizes=\"auto, (max-width: 1024px) 100vw, 1024px\" \/><figcaption>Rohrmann destac\u00f3 el acompa\u00f1amiento y predisposici\u00f3n de Jos\u00e9 Luis Freyre \u201ccon quien tuvimos una charla muy cordial y siempre est\u00e1 predispuesto a darnos una mano&#8221;<br><\/figcaption><\/figure>\n\n\n\n<p>Rohrmann record\u00f3 que la primera etapa incluye la incorporaci\u00f3n del terreno y a partir de all\u00ed llevar adelante las gestiones para sumar infraestructura, equipamientos y cargos. \u201cLuego vamos a gestionar -cuando el Samco ya cuente con el terreno para poder invertirlo- infraestructura, equipamiento y cargos. Pero la primera necesidad es contar con el terreno, que es la oportunidad que hoy tenemos para luego proyectar un crecimiento del Samco de cara a los pr\u00f3ximos 50 a\u00f1os, sabiendo que el crecimiento de la oferta de salud va a ser a trav\u00e9s del sistema p\u00fablico\u201d.<\/p>\n\n\n\n<p><\/p>\n\n\n\n<p><\/p>\n<!-- AddThis Advanced Settings generic via filter on the_content --><!-- AddThis Share Buttons generic via filter on the_content -->","protected":false},"excerpt":{"rendered":"<p>Con el visto bueno de la secretar\u00eda de Municipios y Comunas de la provincia de Santa [&hellip;]<!-- AddThis Advanced Settings generic via filter on get_the_excerpt --><!-- AddThis Share Buttons generic via filter on get_the_excerpt --><\/p>\n","protected":false},"author":16,"featured_media":32340,"comment_status":"open","ping_status":"open","sticky":false,"template":"","format":"standard","meta":{"_seopress_robots_primary_cat":"none","_seopress_titles_title":"","_seopress_titles_desc":"","_seopress_robots_index":"","_themeisle_gutenberg_block_has_review":false,"footnotes":""},"categories":[2,20,21,24],"tags":[],"class_list":["post-32336","post","type-post","status-publish","format-standard","has-post-thumbnail","hentry","category-actualidad","category-departamentales","category-las-colonias","category-obras-publicas"],"_links":{"self":[{"href":"https:\/\/www.almargenweb.com.ar\/web\/wp-json\/wp\/v2\/posts\/32336","targetHints":{"allow":["GET"]}}],"collection":[{"href":"https:\/\/www.almargenweb.com.ar\/web\/wp-json\/wp\/v2\/posts"}],"about":[{"href":"https:\/\/www.almargenweb.com.ar\/web\/wp-json\/wp\/v2\/types\/post"}],"author":[{"embeddable":true,"href":"https:\/\/www.almargenweb.com.ar\/web\/wp-json\/wp\/v2\/users\/16"}],"replies":[{"embeddable":true,"href":"https:\/\/www.almargenweb.com.ar\/web\/wp-json\/wp\/v2\/comments?post=32336"}],"version-history":[{"count":1,"href":"https:\/\/www.almargenweb.com.ar\/web\/wp-json\/wp\/v2\/posts\/32336\/revisions"}],"predecessor-version":[{"id":32341,"href":"https:\/\/www.almargenweb.com.ar\/web\/wp-json\/wp\/v2\/posts\/32336\/revisions\/32341"}],"wp:featuredmedia":[{"embeddable":true,"href":"https:\/\/www.almargenweb.com.ar\/web\/wp-json\/wp\/v2\/media\/32340"}],"wp:attachment":[{"href":"https:\/\/www.almargenweb.com.ar\/web\/wp-json\/wp\/v2\/media?parent=32336"}],"wp:term":[{"taxonomy":"category","embeddable":true,"href":"https:\/\/www.almargenweb.com.ar\/web\/wp-json\/wp\/v2\/categories?post=32336"},{"taxonomy":"post_tag","embeddable":true,"href":"https:\/\/www.almargenweb.com.ar\/web\/wp-json\/wp\/v2\/tags?post=32336"}],"curies":[{"name":"wp","href":"https:\/\/api.w.org\/{rel}","templated":true}]}}