{"id":32295,"date":"2020-12-30T18:31:43","date_gmt":"2020-12-30T21:31:43","guid":{"rendered":"http:\/\/www.almargenweb.com.ar\/web\/?p=32295"},"modified":"2020-12-30T18:31:44","modified_gmt":"2020-12-30T21:31:44","slug":"san-carlos-sud-avanza-a-muy-buen-ritmo-la-construccion-de-la-ciclovia","status":"publish","type":"post","link":"https:\/\/www.almargenweb.com.ar\/web\/san-carlos-sud-avanza-a-muy-buen-ritmo-la-construccion-de-la-ciclovia\/","title":{"rendered":"San Carlos Sud: Avanza a muy buen ritmo la construcci\u00f3n de la ciclov\u00eda"},"content":{"rendered":"\n<p>Con muy buen tiempo de ejecuci\u00f3n de la obra, ya se lleva construido el 50% de la ciclov\u00eda, llegando hasta el ingreso al Cementerio Comunal.<\/p>\n\n\n\n<p>Son 400 metros lineales de hormig\u00f3n H21 de 1,80 metros de ancho por 15 cent\u00edmetros de espesor y que adem\u00e1s, comprenden en el acceso norte a la ciclov\u00eda, la recuperaci\u00f3n de cabezales de alcantarillas y la construcci\u00f3n de elementos ornamentales en el ingreso al Cementerio Comunal.<\/p>\n\n\n\n<figure class=\"wp-block-image size-large\"><img loading=\"lazy\" decoding=\"async\" width=\"720\" height=\"478\" src=\"https:\/\/www.almargenweb.com.ar\/web\/wp-content\/uploads\/2020\/12\/San-Carlos-Sud-1.jpg\" alt=\"\" class=\"wp-image-32298\" srcset=\"https:\/\/www.almargenweb.com.ar\/web\/wp-content\/uploads\/2020\/12\/San-Carlos-Sud-1.jpg 720w, https:\/\/www.almargenweb.com.ar\/web\/wp-content\/uploads\/2020\/12\/San-Carlos-Sud-1-300x199.jpg 300w\" sizes=\"auto, (max-width: 720px) 100vw, 720px\" \/><figcaption>La ciclovia esta ubicada en el acceso sur a la ciudad.<\/figcaption><\/figure>\n\n\n\n<p>Recordamos que la ciclov\u00eda se ubica a la vera de la Ruta Provincial N\u00b0 6 lado oeste, en el ingreso sur a la localidad.<\/p>\n<!-- AddThis Advanced Settings generic via filter on the_content --><!-- AddThis Share Buttons generic via filter on the_content -->","protected":false},"excerpt":{"rendered":"<p>Con muy buen tiempo de ejecuci\u00f3n de la obra, ya se lleva construido el 50% de [&hellip;]<!-- AddThis Advanced Settings generic via filter on get_the_excerpt --><!-- AddThis Share Buttons generic via filter on get_the_excerpt --><\/p>\n","protected":false},"author":16,"featured_media":32297,"comment_status":"open","ping_status":"open","sticky":false,"template":"","format":"standard","meta":{"_seopress_robots_primary_cat":"none","_seopress_titles_title":"","_seopress_titles_desc":"","_seopress_robots_index":"","_themeisle_gutenberg_block_has_review":false,"footnotes":""},"categories":[2,24,29],"tags":[],"class_list":["post-32295","post","type-post","status-publish","format-standard","has-post-thumbnail","hentry","category-actualidad","category-obras-publicas","category-regionales"],"_links":{"self":[{"href":"https:\/\/www.almargenweb.com.ar\/web\/wp-json\/wp\/v2\/posts\/32295","targetHints":{"allow":["GET"]}}],"collection":[{"href":"https:\/\/www.almargenweb.com.ar\/web\/wp-json\/wp\/v2\/posts"}],"about":[{"href":"https:\/\/www.almargenweb.com.ar\/web\/wp-json\/wp\/v2\/types\/post"}],"author":[{"embeddable":true,"href":"https:\/\/www.almargenweb.com.ar\/web\/wp-json\/wp\/v2\/users\/16"}],"replies":[{"embeddable":true,"href":"https:\/\/www.almargenweb.com.ar\/web\/wp-json\/wp\/v2\/comments?post=32295"}],"version-history":[{"count":1,"href":"https:\/\/www.almargenweb.com.ar\/web\/wp-json\/wp\/v2\/posts\/32295\/revisions"}],"predecessor-version":[{"id":32299,"href":"https:\/\/www.almargenweb.com.ar\/web\/wp-json\/wp\/v2\/posts\/32295\/revisions\/32299"}],"wp:featuredmedia":[{"embeddable":true,"href":"https:\/\/www.almargenweb.com.ar\/web\/wp-json\/wp\/v2\/media\/32297"}],"wp:attachment":[{"href":"https:\/\/www.almargenweb.com.ar\/web\/wp-json\/wp\/v2\/media?parent=32295"}],"wp:term":[{"taxonomy":"category","embeddable":true,"href":"https:\/\/www.almargenweb.com.ar\/web\/wp-json\/wp\/v2\/categories?post=32295"},{"taxonomy":"post_tag","embeddable":true,"href":"https:\/\/www.almargenweb.com.ar\/web\/wp-json\/wp\/v2\/tags?post=32295"}],"curies":[{"name":"wp","href":"https:\/\/api.w.org\/{rel}","templated":true}]}}