{"id":32202,"date":"2020-12-28T16:59:19","date_gmt":"2020-12-28T19:59:19","guid":{"rendered":"http:\/\/www.almargenweb.com.ar\/web\/?p=32202"},"modified":"2020-12-28T17:21:41","modified_gmt":"2020-12-28T20:21:41","slug":"rodrigo-muller-pone-a-disposicion-de-los-vecinos-y-vecinas-su-primer-ano-de-trabajo-como-concejal","status":"publish","type":"post","link":"https:\/\/www.almargenweb.com.ar\/web\/rodrigo-muller-pone-a-disposicion-de-los-vecinos-y-vecinas-su-primer-ano-de-trabajo-como-concejal\/","title":{"rendered":"Rodrigo M\u00fcller, pone a disposici\u00f3n de los Vecinos y Vecinas su primer a\u00f1o de trabajo como Concejal"},"content":{"rendered":"\n<p>Estamos llegando al final del 2020, un a\u00f1o muy dif\u00edcil para todos en donde la pandemia atraves\u00f3 nuestra cotidianidad y en el cual tuvimos que unirnos para seguir avanzando dentro de un panorama nuevo y desconocido.<\/p>\n\n\n\n<p>Mi trabajo como concejal no estuvo exceptuado de esta realidad y los proyectos con los que comenc\u00e9 a trabajar desde el 11 de diciembre de 2019 se vieron alterados por la crisis sanitaria, pero lo que permaneci\u00f3 inalterable fueron mis convicciones y mis ganas de trabajar por una ciudad mejor.<\/p>\n\n\n\n<p>Considero que los pol\u00edticos somos transitorios, estamos de paso, y durante el tiempo que los ciudadanos nos eligen para representarlos debemos hacerlo de la mejor manera posible y sentar las bases para los que vendr\u00e1n despu\u00e9s.<\/p>\n\n\n\n<p>Bajo ese precepto, junto con mi equipo de colaboradores, hemos trabajado durante todo el a\u00f1o porque estamos convencidos de que Esperanza puede dar mucho m\u00e1s.<\/p>\n\n\n\n<p>La ciudad tiene dificultades que podemos superar si trabajamos juntos para mejorar el Estado y dotarlo de herramientas para que brinde las respuestas que hoy no otorga.<\/p>\n\n\n\n<p>Eso se puede lograr con trabajo, di\u00e1logo y empat\u00eda; tres caracter\u00edsticas que me inculcaron mis padres desde peque\u00f1o y que hoy me acompa\u00f1an diariamente.<\/p>\n\n\n\n<p>Para los que deseen conocer mi trabajo y mis proyectos presentados (111) y las notas de reclamo (135) elevadas. El que desee puede descargase o mirar \u00e9l informe completo donde rendimos cuentas en la siguiente pagina; <\/p>\n\n\n\n<p><a href=\"https:\/\/es.scribd.com\/document\/488617869\/Balance-de-Gestion-2019-2020-Rodrigo-Muller-Concejo-Municipal\">https:\/\/es.scribd.com\/document\/488617869\/Balance-de-Gestion-2019-2020-Rodrigo-Muller-Concejo-Municipal<\/a><\/p>\n<!-- AddThis Advanced Settings generic via filter on the_content --><!-- AddThis Share Buttons generic via filter on the_content -->","protected":false},"excerpt":{"rendered":"<p>Estamos llegando al final del 2020, un a\u00f1o muy dif\u00edcil para todos en donde la pandemia [&hellip;]<!-- AddThis Advanced Settings generic via filter on get_the_excerpt --><!-- AddThis Share Buttons generic via filter on get_the_excerpt --><\/p>\n","protected":false},"author":16,"featured_media":32204,"comment_status":"open","ping_status":"open","sticky":false,"template":"","format":"standard","meta":{"_seopress_robots_primary_cat":"none","_seopress_titles_title":"","_seopress_titles_desc":"","_seopress_robots_index":"","_themeisle_gutenberg_block_has_review":false,"footnotes":""},"categories":[2,21,9],"tags":[],"class_list":["post-32202","post","type-post","status-publish","format-standard","has-post-thumbnail","hentry","category-actualidad","category-las-colonias","category-politica"],"_links":{"self":[{"href":"https:\/\/www.almargenweb.com.ar\/web\/wp-json\/wp\/v2\/posts\/32202","targetHints":{"allow":["GET"]}}],"collection":[{"href":"https:\/\/www.almargenweb.com.ar\/web\/wp-json\/wp\/v2\/posts"}],"about":[{"href":"https:\/\/www.almargenweb.com.ar\/web\/wp-json\/wp\/v2\/types\/post"}],"author":[{"embeddable":true,"href":"https:\/\/www.almargenweb.com.ar\/web\/wp-json\/wp\/v2\/users\/16"}],"replies":[{"embeddable":true,"href":"https:\/\/www.almargenweb.com.ar\/web\/wp-json\/wp\/v2\/comments?post=32202"}],"version-history":[{"count":2,"href":"https:\/\/www.almargenweb.com.ar\/web\/wp-json\/wp\/v2\/posts\/32202\/revisions"}],"predecessor-version":[{"id":32210,"href":"https:\/\/www.almargenweb.com.ar\/web\/wp-json\/wp\/v2\/posts\/32202\/revisions\/32210"}],"wp:featuredmedia":[{"embeddable":true,"href":"https:\/\/www.almargenweb.com.ar\/web\/wp-json\/wp\/v2\/media\/32204"}],"wp:attachment":[{"href":"https:\/\/www.almargenweb.com.ar\/web\/wp-json\/wp\/v2\/media?parent=32202"}],"wp:term":[{"taxonomy":"category","embeddable":true,"href":"https:\/\/www.almargenweb.com.ar\/web\/wp-json\/wp\/v2\/categories?post=32202"},{"taxonomy":"post_tag","embeddable":true,"href":"https:\/\/www.almargenweb.com.ar\/web\/wp-json\/wp\/v2\/tags?post=32202"}],"curies":[{"name":"wp","href":"https:\/\/api.w.org\/{rel}","templated":true}]}}